{"id":717,"date":"2021-03-31T16:17:00","date_gmt":"2021-03-31T14:17:00","guid":{"rendered":"https:\/\/trener.awf.poznan.pl\/przedszkolaka\/?p=717"},"modified":"2022-03-25T16:19:32","modified_gmt":"2022-03-25T15:19:32","slug":"przedszkola-uczestniczace-w-programie-wiosna-2021","status":"publish","type":"post","link":"https:\/\/trener.awf.poznan.pl\/przedszkolaka\/przedszkola-uczestniczace-w-programie-wiosna-2021\/","title":{"rendered":"Przedszkola uczestnicz\u0105ce w programie- Wiosna 2021"},"content":{"rendered":"\n<p>W semestrze jesiennym w ramach komponentu Trener Przedszkolaka zaj\u0119cia odbywa\u0107 si\u0119 b\u0119d\u0105 w 7 plac\u00f3wkach (Przedszkole nr 39 &#8222;Le\u015bne Ludki&#8221;, Limanowskiego 23B, Przedszkole nr 69 ul. Chopina 3, Przedszkole nr 96 &#8222;Jarz\u0119binka&#8221; Janickiego 24A, Przedszkole nr 54 Dolina 6, Przedszkole nr 176 &#8222;Bajkowy Domek&#8221; Saperska 29, Przedszkole nr 86 ul. S\u0142owackiego 15, Przedszkole nr 29, Ksi\u0119cia J\u00f3zefa 1\/3.<\/p>\n","protected":false},"excerpt":{"rendered":"<p>W semestrze jesiennym w ramach komponentu Trener Przedszkolaka zaj\u0119cia odbywa\u0107 si\u0119 b\u0119d\u0105 w 7 plac\u00f3wkach (Przedszkole nr 39 &#8222;Le\u015bne Ludki&#8221;, Limanowskiego 23B, Przedszkole nr 69 ul. Chopina 3, Przedszkole nr 96 &#8222;Jarz\u0119binka&#8221; Janickiego 24A, Przedszkole nr 54 Dolina 6, Przedszkole nr 176 &#8222;Bajkowy Domek&#8221; Saperska 29, Przedszkole nr 86 ul. S\u0142owackiego 15, Przedszkole nr 29, [&hellip;]<\/p>\n","protected":false},"author":4,"featured_media":0,"comment_status":"open","ping_status":"open","sticky":false,"template":"","format":"standard","meta":{"footnotes":""},"categories":[3,1],"tags":[],"_links":{"self":[{"href":"https:\/\/trener.awf.poznan.pl\/przedszkolaka\/wp-json\/wp\/v2\/posts\/717"}],"collection":[{"href":"https:\/\/trener.awf.poznan.pl\/przedszkolaka\/wp-json\/wp\/v2\/posts"}],"about":[{"href":"https:\/\/trener.awf.poznan.pl\/przedszkolaka\/wp-json\/wp\/v2\/types\/post"}],"author":[{"embeddable":true,"href":"https:\/\/trener.awf.poznan.pl\/przedszkolaka\/wp-json\/wp\/v2\/users\/4"}],"replies":[{"embeddable":true,"href":"https:\/\/trener.awf.poznan.pl\/przedszkolaka\/wp-json\/wp\/v2\/comments?post=717"}],"version-history":[{"count":1,"href":"https:\/\/trener.awf.poznan.pl\/przedszkolaka\/wp-json\/wp\/v2\/posts\/717\/revisions"}],"predecessor-version":[{"id":718,"href":"https:\/\/trener.awf.poznan.pl\/przedszkolaka\/wp-json\/wp\/v2\/posts\/717\/revisions\/718"}],"wp:attachment":[{"href":"https:\/\/trener.awf.poznan.pl\/przedszkolaka\/wp-json\/wp\/v2\/media?parent=717"}],"wp:term":[{"taxonomy":"category","embeddable":true,"href":"https:\/\/trener.awf.poznan.pl\/przedszkolaka\/wp-json\/wp\/v2\/categories?post=717"},{"taxonomy":"post_tag","embeddable":true,"href":"https:\/\/trener.awf.poznan.pl\/przedszkolaka\/wp-json\/wp\/v2\/tags?post=717"}],"curies":[{"name":"wp","href":"https:\/\/api.w.org\/{rel}","templated":true}]}}