{"id":736,"date":"2022-05-04T11:13:00","date_gmt":"2022-05-04T09:13:00","guid":{"rendered":"https:\/\/trener.awf.poznan.pl\/przedszkolaka\/?p=736"},"modified":"2022-05-12T11:38:01","modified_gmt":"2022-05-12T09:38:01","slug":"przedszkola-uczestniczace-w-projekcie-w-2022-roku-wiosna","status":"publish","type":"post","link":"https:\/\/trener.awf.poznan.pl\/przedszkolaka\/przedszkola-uczestniczace-w-projekcie-w-2022-roku-wiosna\/","title":{"rendered":"Przedszkola uczestnicz\u0105ce w projekcie w 2022 roku &#8211; wiosna."},"content":{"rendered":"\n<p>W tym roku zesp\u00f3\u0142 kwalifikuj\u0105cy plac\u00f3wki stan\u0105\u0142 przed trudnym zadaniem. Na 10 maksymalnie 15 planowanych lokalizacji ( w zale\u017cno\u015bci od mo\u017cliwo\u015bci finansowych), do programu zg\u0142osi\u0142 si\u0119 blisko 30 przedszkoli. W toku obrad na chwil\u0119 obecn\u0105 zakwalifikowano 8 plac\u00f3wek to:\u00a0 Przedszkole nr 86, Przedszkole nr 29, Przedszkole nr 9, Przedszkole nr 89, Przedszkole nr 39, Przedszkole nr 35 oraz Przedszkole nr 163. Reszta miejsc, b\u0119dzie obsadzana po konsultacji z Dyrektorami\u00a0 w ramach dost\u0119pnych \u015brodk\u00f3w oraz mo\u017cliwo\u015bci kadrowych. Kolejne plac\u00f3wki b\u0119d\u0105 dodawane bezpo\u015brednio w zak\u0142adce &#8222;godziny zaj\u0119\u0107&#8221;.\u00a0\u00a0<\/p>\n","protected":false},"excerpt":{"rendered":"<p>W tym roku zesp\u00f3\u0142 kwalifikuj\u0105cy plac\u00f3wki stan\u0105\u0142 przed trudnym zadaniem. Na 10 maksymalnie 15 planowanych lokalizacji ( w zale\u017cno\u015bci od mo\u017cliwo\u015bci finansowych), do programu zg\u0142osi\u0142 si\u0119 blisko 30 przedszkoli. W toku obrad na chwil\u0119 obecn\u0105 zakwalifikowano 8 plac\u00f3wek to:\u00a0 Przedszkole nr 86, Przedszkole nr 29, Przedszkole nr 9, Przedszkole nr 89, Przedszkole nr 39, Przedszkole [&hellip;]<\/p>\n","protected":false},"author":4,"featured_media":0,"comment_status":"open","ping_status":"open","sticky":false,"template":"","format":"standard","meta":{"footnotes":""},"categories":[3],"tags":[],"_links":{"self":[{"href":"https:\/\/trener.awf.poznan.pl\/przedszkolaka\/wp-json\/wp\/v2\/posts\/736"}],"collection":[{"href":"https:\/\/trener.awf.poznan.pl\/przedszkolaka\/wp-json\/wp\/v2\/posts"}],"about":[{"href":"https:\/\/trener.awf.poznan.pl\/przedszkolaka\/wp-json\/wp\/v2\/types\/post"}],"author":[{"embeddable":true,"href":"https:\/\/trener.awf.poznan.pl\/przedszkolaka\/wp-json\/wp\/v2\/users\/4"}],"replies":[{"embeddable":true,"href":"https:\/\/trener.awf.poznan.pl\/przedszkolaka\/wp-json\/wp\/v2\/comments?post=736"}],"version-history":[{"count":1,"href":"https:\/\/trener.awf.poznan.pl\/przedszkolaka\/wp-json\/wp\/v2\/posts\/736\/revisions"}],"predecessor-version":[{"id":737,"href":"https:\/\/trener.awf.poznan.pl\/przedszkolaka\/wp-json\/wp\/v2\/posts\/736\/revisions\/737"}],"wp:attachment":[{"href":"https:\/\/trener.awf.poznan.pl\/przedszkolaka\/wp-json\/wp\/v2\/media?parent=736"}],"wp:term":[{"taxonomy":"category","embeddable":true,"href":"https:\/\/trener.awf.poznan.pl\/przedszkolaka\/wp-json\/wp\/v2\/categories?post=736"},{"taxonomy":"post_tag","embeddable":true,"href":"https:\/\/trener.awf.poznan.pl\/przedszkolaka\/wp-json\/wp\/v2\/tags?post=736"}],"curies":[{"name":"wp","href":"https:\/\/api.w.org\/{rel}","templated":true}]}}