{"id":761,"date":"2023-04-20T09:12:35","date_gmt":"2023-04-20T07:12:35","guid":{"rendered":"https:\/\/trener.awf.poznan.pl\/przedszkolaka\/?p=761"},"modified":"2023-04-20T09:13:08","modified_gmt":"2023-04-20T07:13:08","slug":"przedszkola-zakwalifikowane-do-projektu-w-2023-roku-wiosna","status":"publish","type":"post","link":"https:\/\/trener.awf.poznan.pl\/przedszkolaka\/przedszkola-zakwalifikowane-do-projektu-w-2023-roku-wiosna\/","title":{"rendered":"Przedszkola zakwalifikowane do projektu w 2023 roku- wiosna."},"content":{"rendered":"\n<p>W tym roku, po raz kolejny zesp\u00f3\u0142 kwalifikuj\u0105cy plac\u00f3wki stan\u0105\u0142 przed trudnym zadaniem. Na 8 planowanych lokalizacji, do programu zg\u0142osi\u0142o si\u0119 blisko 40 przedszkoli. W toku obrad zakwalifikowano nast\u0119puj\u0105ce plac\u00f3wki:\u00a0<br \/>Przedszkole nr 29,<br \/>Przedszkole nr 86 &#8222;T\u0119czowy \u015awiat&#8221;<br \/>Przedszkole nr 32 &#8222;\u015awierszczykowe Nutki&#8221;<br \/>Przedszkole nr 190 Zesp\u00f3\u0142 Szkolno- Przedszkolny nr 8<br \/>Przedszkole nr 182 \u201eKr\u00f3l Elf\u00f3w\u201d<br \/>Przedszkole nr 75 &#8222;Przyjaciele W\u0142\u00f3czykija<br \/>Przedszkole nr 69 ul. Chopina 3<br \/>Stworzono r\u00f3wnie\u017c list\u0119 rezerwow\u0105, z kt\u00f3rej w przypadku braku porozumienia z plac\u00f3wk\u0105 b\u0119d\u0105 dokooptowywane kolejne przedszkola.\u00a0<br \/>Plan zaj\u0119\u0107 b\u0119dzie dost\u0119pny w zak\u0142adce \u201egodziny zaj\u0119\u0107\u201d.\u00a0<\/p>\n","protected":false},"excerpt":{"rendered":"<p>W tym roku, po raz kolejny zesp\u00f3\u0142 kwalifikuj\u0105cy plac\u00f3wki stan\u0105\u0142 przed trudnym zadaniem. Na 8 planowanych lokalizacji, do programu zg\u0142osi\u0142o si\u0119 blisko 40 przedszkoli. W toku obrad zakwalifikowano nast\u0119puj\u0105ce plac\u00f3wki:\u00a0Przedszkole nr 29,Przedszkole nr 86 &#8222;T\u0119czowy \u015awiat&#8221;Przedszkole nr 32 &#8222;\u015awierszczykowe Nutki&#8221;Przedszkole nr 190 Zesp\u00f3\u0142 Szkolno- Przedszkolny nr 8Przedszkole nr 182 \u201eKr\u00f3l Elf\u00f3w\u201dPrzedszkole nr 75 &#8222;Przyjaciele W\u0142\u00f3czykijaPrzedszkole [&hellip;]<\/p>\n","protected":false},"author":4,"featured_media":0,"comment_status":"open","ping_status":"open","sticky":false,"template":"","format":"standard","meta":{"footnotes":""},"categories":[3],"tags":[],"_links":{"self":[{"href":"https:\/\/trener.awf.poznan.pl\/przedszkolaka\/wp-json\/wp\/v2\/posts\/761"}],"collection":[{"href":"https:\/\/trener.awf.poznan.pl\/przedszkolaka\/wp-json\/wp\/v2\/posts"}],"about":[{"href":"https:\/\/trener.awf.poznan.pl\/przedszkolaka\/wp-json\/wp\/v2\/types\/post"}],"author":[{"embeddable":true,"href":"https:\/\/trener.awf.poznan.pl\/przedszkolaka\/wp-json\/wp\/v2\/users\/4"}],"replies":[{"embeddable":true,"href":"https:\/\/trener.awf.poznan.pl\/przedszkolaka\/wp-json\/wp\/v2\/comments?post=761"}],"version-history":[{"count":2,"href":"https:\/\/trener.awf.poznan.pl\/przedszkolaka\/wp-json\/wp\/v2\/posts\/761\/revisions"}],"predecessor-version":[{"id":763,"href":"https:\/\/trener.awf.poznan.pl\/przedszkolaka\/wp-json\/wp\/v2\/posts\/761\/revisions\/763"}],"wp:attachment":[{"href":"https:\/\/trener.awf.poznan.pl\/przedszkolaka\/wp-json\/wp\/v2\/media?parent=761"}],"wp:term":[{"taxonomy":"category","embeddable":true,"href":"https:\/\/trener.awf.poznan.pl\/przedszkolaka\/wp-json\/wp\/v2\/categories?post=761"},{"taxonomy":"post_tag","embeddable":true,"href":"https:\/\/trener.awf.poznan.pl\/przedszkolaka\/wp-json\/wp\/v2\/tags?post=761"}],"curies":[{"name":"wp","href":"https:\/\/api.w.org\/{rel}","templated":true}]}}