{"id":781,"date":"2023-12-19T15:06:48","date_gmt":"2023-12-19T14:06:48","guid":{"rendered":"https:\/\/trener.awf.poznan.pl\/przedszkolaka\/?p=781"},"modified":"2024-01-18T15:15:17","modified_gmt":"2024-01-18T14:15:17","slug":"zakonczenie-dzialania-komponentu-trener-przedszkolaka","status":"publish","type":"post","link":"https:\/\/trener.awf.poznan.pl\/przedszkolaka\/zakonczenie-dzialania-komponentu-trener-przedszkolaka\/","title":{"rendered":"Zako\u0144czenie dzia\u0142ania komponentu Trener Przedszkolaka."},"content":{"rendered":"\n<p>Szanowni Pa\u0144stwo;\u00a0<\/p>\n<p>Zako\u0144czyli\u015bmy w\u0142a\u015bnie zaj\u0119cia w ramach tegorocznej edycji projektu. Serdecznie dzi\u0119kujemy Wam, drogie Przedszkolaki za ka\u017cde spotkanie i za Wasz ka\u017cdy u\u015bmiech!\u00a0<\/p>\n<p>Niestety historia komponentu Trener Przedszkolaka, dobiega w\u0142a\u015bnie ko\u0144ca. Decyzj\u0105 magistratu, w odpowiedzi na zg\u0142oszenia niekt\u00f3rych rodzic\u00f3w o braku og\u00f3lnodost\u0119pno\u015bci zaj\u0119\u0107 w poszczeg\u00f3lnych przedszkolach a finansowanych ze \u015brodk\u00f3w pochodz\u0105cych z Bud\u017cetu Obywatelskiego, prowadzenie zaj\u0119\u0107 w przysz\u0142ych latach w obecnej formie nie b\u0119dzie mo\u017cliwe. Dzi\u0119kujemy Wam za kilka pi\u0119knych lat \u0107wicze\u0144 i mamy nadziej\u0119, \u017ce gry, zabawy i \u0107wiczenia kt\u00f3re poznali Wasi wychowawcy b\u0119d\u0105 nadal wykorzystywane!\u00a0<\/p>\n","protected":false},"excerpt":{"rendered":"<p>Szanowni Pa\u0144stwo;\u00a0 Zako\u0144czyli\u015bmy w\u0142a\u015bnie zaj\u0119cia w ramach tegorocznej edycji projektu. Serdecznie dzi\u0119kujemy Wam, drogie Przedszkolaki za ka\u017cde spotkanie i za Wasz ka\u017cdy u\u015bmiech!\u00a0 Niestety historia komponentu Trener Przedszkolaka, dobiega w\u0142a\u015bnie ko\u0144ca. Decyzj\u0105 magistratu, w odpowiedzi na zg\u0142oszenia niekt\u00f3rych rodzic\u00f3w o braku og\u00f3lnodost\u0119pno\u015bci zaj\u0119\u0107 w poszczeg\u00f3lnych przedszkolach a finansowanych ze \u015brodk\u00f3w pochodz\u0105cych z Bud\u017cetu Obywatelskiego, prowadzenie [&hellip;]<\/p>\n","protected":false},"author":4,"featured_media":0,"comment_status":"open","ping_status":"open","sticky":false,"template":"","format":"standard","meta":{"footnotes":""},"categories":[3],"tags":[],"_links":{"self":[{"href":"https:\/\/trener.awf.poznan.pl\/przedszkolaka\/wp-json\/wp\/v2\/posts\/781"}],"collection":[{"href":"https:\/\/trener.awf.poznan.pl\/przedszkolaka\/wp-json\/wp\/v2\/posts"}],"about":[{"href":"https:\/\/trener.awf.poznan.pl\/przedszkolaka\/wp-json\/wp\/v2\/types\/post"}],"author":[{"embeddable":true,"href":"https:\/\/trener.awf.poznan.pl\/przedszkolaka\/wp-json\/wp\/v2\/users\/4"}],"replies":[{"embeddable":true,"href":"https:\/\/trener.awf.poznan.pl\/przedszkolaka\/wp-json\/wp\/v2\/comments?post=781"}],"version-history":[{"count":1,"href":"https:\/\/trener.awf.poznan.pl\/przedszkolaka\/wp-json\/wp\/v2\/posts\/781\/revisions"}],"predecessor-version":[{"id":782,"href":"https:\/\/trener.awf.poznan.pl\/przedszkolaka\/wp-json\/wp\/v2\/posts\/781\/revisions\/782"}],"wp:attachment":[{"href":"https:\/\/trener.awf.poznan.pl\/przedszkolaka\/wp-json\/wp\/v2\/media?parent=781"}],"wp:term":[{"taxonomy":"category","embeddable":true,"href":"https:\/\/trener.awf.poznan.pl\/przedszkolaka\/wp-json\/wp\/v2\/categories?post=781"},{"taxonomy":"post_tag","embeddable":true,"href":"https:\/\/trener.awf.poznan.pl\/przedszkolaka\/wp-json\/wp\/v2\/tags?post=781"}],"curies":[{"name":"wp","href":"https:\/\/api.w.org\/{rel}","templated":true}]}}