{"id":1008,"date":"2023-02-17T15:48:01","date_gmt":"2023-02-17T14:48:01","guid":{"rendered":"https:\/\/trener.awf.poznan.pl\/senioralny\/?p=1008"},"modified":"2023-02-17T16:08:15","modified_gmt":"2023-02-17T15:08:15","slug":"ruszamy-z-kolejnymi-zapisami-na-zajecia","status":"publish","type":"post","link":"https:\/\/trener.awf.poznan.pl\/senioralny\/ruszamy-z-kolejnymi-zapisami-na-zajecia\/","title":{"rendered":"Ruszamy z kolejnymi zapisami na zaj\u0119cia!\u00a0"},"content":{"rendered":"\n<p>Informacja o sposobie zapisu na dole artyku\u0142u!<\/p>\n<p>Grafik zaj\u0119\u0107:<br \/>\u27a1\ufe0f Poniedzia\u0142ek:<br \/>Klub Kr\u0105g Dmowskiego &#8211; od 6.03<br \/>11:30 &#8211; Zdrowy Kr\u0119gos\u0142up<br \/>12:30 &#8211; Zumba Gold<br \/>13:30 &#8211; Zdrowy Kr\u0119gos\u0142up<br \/>\u27a1\ufe0f Wtorek:<br \/>Klub Raszyn &#8211; od 6.03\u00a0<br \/>10:00 &#8211; Zumba Gold<br \/>11:00 &#8211; Zdrowy Kr\u0119gos\u0142up<br \/>Lasek Marceli\u0144ski &#8211; od 28.02<br \/>9:00 &#8211; Nordic Walking<br \/>10:15 &#8211; Nordic Walking<br \/>Amarant &#8211; od 28.02\u00a0<br \/>14:00 &#8211; Gimnastyka 60+<br \/>15:00 &#8211; Zdrowy Kr\u0119gos\u0142up<br \/>\u27a1\ufe0f\u015aroda:<br \/>Krakowska, Klub 82 &#8211; od 1.03\u00a0<br \/>14:30 &#8211; Gimnastyka 60+<br \/>\u27a1\ufe0f Czwartek:<br \/>Klub Kopernik ul. Newtona &#8211; od 2.03\u00a0<br \/>10:30 &#8211; Gimnastyka 60+<br \/>11:30 &#8211; Zdrowy Kr\u0119gos\u0142up<br \/>Dom Kultury Stokrotka &#8211; od 2.03<br \/>10:00 &#8211; Gimnastyka 60+<br \/>11:00 &#8211; Zumba Gold<br \/>12:00 &#8211; Zdrowy Kr\u0119gos\u0142up<br \/>\u27a1\ufe0f Pi\u0105tek:<br \/>\u017burawiniec, parking obok przystanku Kupa\u0142y &#8211; od 3.03\u00a0<br \/>9:00 &#8211; Nordic Walking<br \/>10:15 &#8211; Nordic Walking<br \/>Dom D\u017awi\u0119ku, ul. Sikorskiego 17\/18 &#8211; od 3.03<br \/>11:00 &#8211; Gimnastyka 60+<br \/>12:00 &#8211; Zdrowy Kr\u0119gos\u0142up<br \/>\u27a1\ufe0fNiedziela:<br \/>\u017burawiniec, od strony placu zabaw &#8211; od 5.03<br \/>8:30 &#8211; Nordic Walking<\/p>\n<p>Zapisy na powy\u017csze zaj\u0119cia w tym roku odb\u0119d\u0105 si\u0119 TYLKO SMS-owo pod numerem \ud83d\udcde791874022 w terminach:<br \/>\u27a1\ufe0f22.02 (\u015broda) od 12:00 \u2013 dla nowych uczestnik\u00f3w<br \/>\u27a1\ufe0f24.02 (pi\u0105tek) od 12:00 \u2013 dla os\u00f3b bior\u0105cych udzia\u0142 w projekcie w zesz\u0142ym roku<br \/>SMS-y wys\u0142ane przed godzin\u0105 zapis\u00f3w nie b\u0119d\u0105 brane pod uwag\u0119!<br \/>W SMS-ie prosz\u0119 poda\u0107: \u27a1\ufe0fdzie\u0144, godzin\u0119 i nazw\u0119 zaj\u0119\u0107 oraz imi\u0119, nazwisko i nr tel (w przypadku gdy jest inny ni\u017c ten, z kt\u00f3rego zosta\u0142 wys\u0142any SMS)<\/p>\n<p>Pe\u0142ny grafik znajdziecie wkr\u00f3tce na stronie :<br \/>\u27a1\ufe0f https:\/\/trener.awf.poznan.pl\/senioralny\/godziny-zajec-2\/<\/p>\n","protected":false},"excerpt":{"rendered":"<p>Informacja o sposobie zapisu na dole artyku\u0142u! Grafik zaj\u0119\u0107:\u27a1\ufe0f Poniedzia\u0142ek:Klub Kr\u0105g Dmowskiego &#8211; od 6.0311:30 &#8211; Zdrowy Kr\u0119gos\u0142up12:30 &#8211; Zumba Gold13:30 &#8211; Zdrowy Kr\u0119gos\u0142up\u27a1\ufe0f Wtorek:Klub Raszyn &#8211; od 6.03\u00a010:00 &#8211; Zumba Gold11:00 &#8211; Zdrowy Kr\u0119gos\u0142upLasek Marceli\u0144ski &#8211; od 28.029:00 &#8211; Nordic Walking10:15 &#8211; Nordic WalkingAmarant &#8211; od 28.02\u00a014:00 &#8211; Gimnastyka 60+15:00 &#8211; Zdrowy Kr\u0119gos\u0142up\u27a1\ufe0f\u015aroda:Krakowska, Klub [&hellip;]<\/p>\n","protected":false},"author":4,"featured_media":0,"comment_status":"open","ping_status":"open","sticky":false,"template":"","format":"standard","meta":{"footnotes":""},"categories":[3],"tags":[],"_links":{"self":[{"href":"https:\/\/trener.awf.poznan.pl\/senioralny\/wp-json\/wp\/v2\/posts\/1008"}],"collection":[{"href":"https:\/\/trener.awf.poznan.pl\/senioralny\/wp-json\/wp\/v2\/posts"}],"about":[{"href":"https:\/\/trener.awf.poznan.pl\/senioralny\/wp-json\/wp\/v2\/types\/post"}],"author":[{"embeddable":true,"href":"https:\/\/trener.awf.poznan.pl\/senioralny\/wp-json\/wp\/v2\/users\/4"}],"replies":[{"embeddable":true,"href":"https:\/\/trener.awf.poznan.pl\/senioralny\/wp-json\/wp\/v2\/comments?post=1008"}],"version-history":[{"count":4,"href":"https:\/\/trener.awf.poznan.pl\/senioralny\/wp-json\/wp\/v2\/posts\/1008\/revisions"}],"predecessor-version":[{"id":1014,"href":"https:\/\/trener.awf.poznan.pl\/senioralny\/wp-json\/wp\/v2\/posts\/1008\/revisions\/1014"}],"wp:attachment":[{"href":"https:\/\/trener.awf.poznan.pl\/senioralny\/wp-json\/wp\/v2\/media?parent=1008"}],"wp:term":[{"taxonomy":"category","embeddable":true,"href":"https:\/\/trener.awf.poznan.pl\/senioralny\/wp-json\/wp\/v2\/categories?post=1008"},{"taxonomy":"post_tag","embeddable":true,"href":"https:\/\/trener.awf.poznan.pl\/senioralny\/wp-json\/wp\/v2\/tags?post=1008"}],"curies":[{"name":"wp","href":"https:\/\/api.w.org\/{rel}","templated":true}]}}