{"id":1043,"date":"2023-08-18T13:31:02","date_gmt":"2023-08-18T11:31:02","guid":{"rendered":"https:\/\/trener.awf.poznan.pl\/senioralny\/?p=1043"},"modified":"2023-08-18T13:31:02","modified_gmt":"2023-08-18T11:31:02","slug":"rozpoczynamy-pierwsze-zapisy-na-semestr-jesienny-programu-trener-senioralny-basen-posir-atlantis-piatkowo","status":"publish","type":"post","link":"https:\/\/trener.awf.poznan.pl\/senioralny\/rozpoczynamy-pierwsze-zapisy-na-semestr-jesienny-programu-trener-senioralny-basen-posir-atlantis-piatkowo\/","title":{"rendered":"Rozpoczynamy pierwsze zapisy na semestr jesienny programu \u201eTrener Senioralny\u201d- basen POSIR Atlantis Pi\u0105tkowo."},"content":{"rendered":"\n<div dir=\"auto\">Kochani Seniorzy<\/div>\n<div dir=\"auto\">Rozpoczynamy pierwsze zapisy na semestr jesienny programu \u201eTrener Senioralny\u201d, finansowanego ze \u015brodk\u00f3w <a class=\"x1i10hfl xjbqb8w x6umtig x1b1mbwd xaqea5y xav7gou x9f619 x1ypdohk xt0psk2 xe8uvvx xdj266r x11i5rnm xat24cr x1mh8g0r xexx8yu x4uap5 x18d9i69 xkhd6sd x16tdsg8 x1hl2dhg xggy1nq x1a2a7pz xt0b8zv x1qq9wsj xo1l8bm\" tabindex=\"0\" role=\"link\" href=\"https:\/\/www.facebook.com\/Poznan?__cft__[0]=AZXCBUTgkeyw3BTS49l4Mlk4y7wcz793Eirj-2i1MQgXg-z1mCOiUuBboNYMWJBMgCCg5_76_prNbINOGqkfn83NZxg-W8Pzp4gpY3pHiiGbqAiTl3akhQTpm26nbg4RhqlUJV-Pmni1M1aVoIyPNwnk&amp;__tn__=-]K-R\"><span class=\"xt0psk2\">Miasto Pozna\u0144<\/span><\/a> w ramach <a class=\"x1i10hfl xjbqb8w x6umtig x1b1mbwd xaqea5y xav7gou x9f619 x1ypdohk xt0psk2 xe8uvvx xdj266r x11i5rnm xat24cr x1mh8g0r xexx8yu x4uap5 x18d9i69 xkhd6sd x16tdsg8 x1hl2dhg xggy1nq x1a2a7pz xt0b8zv x1qq9wsj xo1l8bm\" tabindex=\"0\" role=\"link\" href=\"https:\/\/www.facebook.com\/BudzetObywatelskiPoznan?__cft__[0]=AZXCBUTgkeyw3BTS49l4Mlk4y7wcz793Eirj-2i1MQgXg-z1mCOiUuBboNYMWJBMgCCg5_76_prNbINOGqkfn83NZxg-W8Pzp4gpY3pHiiGbqAiTl3akhQTpm26nbg4RhqlUJV-Pmni1M1aVoIyPNwnk&amp;__tn__=-]K-R\"><span class=\"xt0psk2\">Pozna\u0144ski Bud\u017cet Obywatelski<\/span><\/a><\/div>\n<div dir=\"auto\">Poni\u017cej podajemy terminy i sposoby rekrutacji w poszczeg\u00f3lnych obiektach tym razem <a class=\"x1i10hfl xjbqb8w x6umtig x1b1mbwd xaqea5y xav7gou x9f619 x1ypdohk xt0psk2 xe8uvvx xdj266r x11i5rnm xat24cr x1mh8g0r xexx8yu x4uap5 x18d9i69 xkhd6sd x16tdsg8 x1hl2dhg xggy1nq x1a2a7pz xt0b8zv x1qq9wsj xo1l8bm\" tabindex=\"0\" role=\"link\" href=\"https:\/\/www.facebook.com\/atlap?__cft__[0]=AZXCBUTgkeyw3BTS49l4Mlk4y7wcz793Eirj-2i1MQgXg-z1mCOiUuBboNYMWJBMgCCg5_76_prNbINOGqkfn83NZxg-W8Pzp4gpY3pHiiGbqAiTl3akhQTpm26nbg4RhqlUJV-Pmni1M1aVoIyPNwnk&amp;__tn__=-]K-R\"><span class=\"xt0psk2\">P\u0142ywalnia Miejska Atlantis<\/span><\/a>. Przypinamy, ze na ka\u017cde zaj\u0119cia obowi\u0105zuje osobna rekrutacja. Jak we wszystkich naszych projektach pierwsze\u0144stwo w zapisie na zaj\u0119cia maj\u0105 osoby, kt\u00f3re nie uczestniczy\u0142y w poprzednim semestrze zaj\u0119\u0107. Przypominamy r\u00f3wnie\u017c, ze osoby prowadz\u0105ce rekrutacj\u0119 maja obowi\u0105zek sprawdzenia Pa\u0144stwa to\u017csamo\u015bci, celem weryfikacji prawdziwo\u015bci podawanych przez Pa\u0144stwa danych. Wszelkie sytuacje pos\u0142ugiwania si\u0119 dokumentami wystawionymi na inn\u0105 osob\u0119, b\u0105d\u017a podrobionymi, b\u0119d\u0105 zg\u0142aszane odpowiednim s\u0142u\u017cbom.<\/div>\n<div dir=\"auto\">BASEN POSIR ATLANTIS <a class=\"x1i10hfl xjbqb8w x6umtig x1b1mbwd xaqea5y xav7gou x9f619 x1ypdohk xt0psk2 xe8uvvx xdj266r x11i5rnm xat24cr x1mh8g0r xexx8yu x4uap5 x18d9i69 xkhd6sd x16tdsg8 x1hl2dhg xggy1nq x1a2a7pz xt0b8zv x1qq9wsj xo1l8bm\" tabindex=\"0\" role=\"link\" href=\"https:\/\/www.facebook.com\/atlap?__cft__[0]=AZXCBUTgkeyw3BTS49l4Mlk4y7wcz793Eirj-2i1MQgXg-z1mCOiUuBboNYMWJBMgCCg5_76_prNbINOGqkfn83NZxg-W8Pzp4gpY3pHiiGbqAiTl3akhQTpm26nbg4RhqlUJV-Pmni1M1aVoIyPNwnk&amp;__tn__=-]K-R\"><span class=\"xt0psk2\">P\u0142ywalnia Miejska Atlantis<\/span><\/a>, os. Stefana Batorego 101<\/div>\n<div dir=\"auto\">Harmonogram zapis\u00f3w: osoby nieuczestnicz\u0105ce dotychczas w zaj\u0119ciach: 28 do 01.09. Osoby uczestnicz\u0105ce w edycji wiosennej w zale\u017cno\u015bci od dost\u0119pnych miejsc: 04-08.09.2023r.<\/div>\n<div dir=\"auto\">Harmonogram zaj\u0119\u0107:<\/div>\n<div dir=\"auto\">Poniedzia\u0142ek: godz. 9.30-10.15, 10.15-11.00, 11.00-11.45<\/div>\n<div dir=\"auto\">Pi\u0105tek: godz. 9.45- 10.30, 10.30-11.15<\/div>\n<div dir=\"auto\">Zapisy: osobi\u015bcie w kasie p\u0142ywalni OD godziny 8:00<\/div>\n<div dir=\"auto\">Termin rozpocz\u0119cia zaj\u0105\u0107: 11.09.2023r. <a class=\"x1i10hfl xjbqb8w x6umtig x1b1mbwd xaqea5y xav7gou x9f619 x1ypdohk xt0psk2 xe8uvvx xdj266r x11i5rnm xat24cr x1mh8g0r xexx8yu x4uap5 x18d9i69 xkhd6sd x16tdsg8 x1hl2dhg xggy1nq x1a2a7pz xt0b8zv x1qq9wsj xo1l8bm\" tabindex=\"0\" role=\"link\" href=\"https:\/\/www.facebook.com\/Centrumis?__cft__[0]=AZXCBUTgkeyw3BTS49l4Mlk4y7wcz793Eirj-2i1MQgXg-z1mCOiUuBboNYMWJBMgCCg5_76_prNbINOGqkfn83NZxg-W8Pzp4gpY3pHiiGbqAiTl3akhQTpm26nbg4RhqlUJV-Pmni1M1aVoIyPNwnk&amp;__tn__=-]K-R\"><span class=\"xt0psk2\">Centrum Inicjatyw Senioralnych<\/span><\/a><\/div>\n","protected":false},"excerpt":{"rendered":"<p>Kochani Seniorzy Rozpoczynamy pierwsze zapisy na semestr jesienny programu \u201eTrener Senioralny\u201d, finansowanego ze \u015brodk\u00f3w Miasto Pozna\u0144 w ramach Pozna\u0144ski Bud\u017cet Obywatelski Poni\u017cej podajemy terminy i sposoby rekrutacji w poszczeg\u00f3lnych obiektach tym razem P\u0142ywalnia Miejska Atlantis. Przypinamy, ze na ka\u017cde zaj\u0119cia obowi\u0105zuje osobna rekrutacja. Jak we wszystkich naszych projektach pierwsze\u0144stwo w zapisie na zaj\u0119cia maj\u0105 osoby, [&hellip;]<\/p>\n","protected":false},"author":4,"featured_media":0,"comment_status":"open","ping_status":"open","sticky":false,"template":"","format":"standard","meta":{"footnotes":""},"categories":[3],"tags":[],"_links":{"self":[{"href":"https:\/\/trener.awf.poznan.pl\/senioralny\/wp-json\/wp\/v2\/posts\/1043"}],"collection":[{"href":"https:\/\/trener.awf.poznan.pl\/senioralny\/wp-json\/wp\/v2\/posts"}],"about":[{"href":"https:\/\/trener.awf.poznan.pl\/senioralny\/wp-json\/wp\/v2\/types\/post"}],"author":[{"embeddable":true,"href":"https:\/\/trener.awf.poznan.pl\/senioralny\/wp-json\/wp\/v2\/users\/4"}],"replies":[{"embeddable":true,"href":"https:\/\/trener.awf.poznan.pl\/senioralny\/wp-json\/wp\/v2\/comments?post=1043"}],"version-history":[{"count":1,"href":"https:\/\/trener.awf.poznan.pl\/senioralny\/wp-json\/wp\/v2\/posts\/1043\/revisions"}],"predecessor-version":[{"id":1044,"href":"https:\/\/trener.awf.poznan.pl\/senioralny\/wp-json\/wp\/v2\/posts\/1043\/revisions\/1044"}],"wp:attachment":[{"href":"https:\/\/trener.awf.poznan.pl\/senioralny\/wp-json\/wp\/v2\/media?parent=1043"}],"wp:term":[{"taxonomy":"category","embeddable":true,"href":"https:\/\/trener.awf.poznan.pl\/senioralny\/wp-json\/wp\/v2\/categories?post=1043"},{"taxonomy":"post_tag","embeddable":true,"href":"https:\/\/trener.awf.poznan.pl\/senioralny\/wp-json\/wp\/v2\/tags?post=1043"}],"curies":[{"name":"wp","href":"https:\/\/api.w.org\/{rel}","templated":true}]}}