{"id":1066,"date":"2023-12-18T12:43:50","date_gmt":"2023-12-18T11:43:50","guid":{"rendered":"https:\/\/trener.awf.poznan.pl\/senioralny\/?p=1066"},"modified":"2023-12-18T12:52:59","modified_gmt":"2023-12-18T11:52:59","slug":"zakonczenie-zajec-w-2023-roku-2","status":"publish","type":"post","link":"https:\/\/trener.awf.poznan.pl\/senioralny\/zakonczenie-zajec-w-2023-roku-2\/","title":{"rendered":"Zako\u0144czenie zaj\u0119\u0107 w 2023 roku."},"content":{"rendered":"\n<p>Szanowni Pa\u0144stwo;\u00a0<\/p>\n<p>Zako\u0144czyli\u015bmy w\u0142a\u015bnie zaj\u0119cia w ramach tegorocznej edycji projektu. Serdecznie dzi\u0119kujemy Wam, za ka\u017cdy trening, za wszystkie dobre s\u0142owa ale i wskaz\u00f3wki jak nasz projekt poprawi\u0107. W tegorocznej edycji Trenera Senioralnego, udzia\u0142 wzi\u0119\u0142o blisko 4500 os\u00f3b. Zaj\u0119cia odbywa\u0142y si\u0119 w 30 r\u00f3\u017cnych lokalizacjach dla \u015brednio 150 grup \u0107wiczebnych tygodniowo.<\/p>\n<p>Korzystaj\u0105c z okazji prosimy przyj\u0105\u0107, najlepsze \u017cyczenia \u015bwi\u0105teczne oraz noworoczne. Wiemy ju\u017c, \u017ce 2024 rok b\u0119dzie dla projektu pomy\u015blny gdy\u017c, dzi\u0119ki Pa\u0144stwa g\u0142osom oddanym w Pozna\u0144skim Bud\u017cecie Obywatelskim, uda\u0142o si\u0119 zapewni\u0107 \u015brodki finansowe do jego prowadzenia.\u00a0\u00a0<\/p>\n<p>Za to i wszystko inne co dobre w tym roku, serdecznie Wam dzi\u0119kujemy!\u00a0<\/p>\n","protected":false},"excerpt":{"rendered":"<p>Szanowni Pa\u0144stwo;\u00a0 Zako\u0144czyli\u015bmy w\u0142a\u015bnie zaj\u0119cia w ramach tegorocznej edycji projektu. Serdecznie dzi\u0119kujemy Wam, za ka\u017cdy trening, za wszystkie dobre s\u0142owa ale i wskaz\u00f3wki jak nasz projekt poprawi\u0107. W tegorocznej edycji Trenera Senioralnego, udzia\u0142 wzi\u0119\u0142o blisko 4500 os\u00f3b. Zaj\u0119cia odbywa\u0142y si\u0119 w 30 r\u00f3\u017cnych lokalizacjach dla \u015brednio 150 grup \u0107wiczebnych tygodniowo. Korzystaj\u0105c z okazji prosimy przyj\u0105\u0107, [&hellip;]<\/p>\n","protected":false},"author":4,"featured_media":0,"comment_status":"open","ping_status":"open","sticky":false,"template":"","format":"standard","meta":{"footnotes":""},"categories":[3],"tags":[],"_links":{"self":[{"href":"https:\/\/trener.awf.poznan.pl\/senioralny\/wp-json\/wp\/v2\/posts\/1066"}],"collection":[{"href":"https:\/\/trener.awf.poznan.pl\/senioralny\/wp-json\/wp\/v2\/posts"}],"about":[{"href":"https:\/\/trener.awf.poznan.pl\/senioralny\/wp-json\/wp\/v2\/types\/post"}],"author":[{"embeddable":true,"href":"https:\/\/trener.awf.poznan.pl\/senioralny\/wp-json\/wp\/v2\/users\/4"}],"replies":[{"embeddable":true,"href":"https:\/\/trener.awf.poznan.pl\/senioralny\/wp-json\/wp\/v2\/comments?post=1066"}],"version-history":[{"count":2,"href":"https:\/\/trener.awf.poznan.pl\/senioralny\/wp-json\/wp\/v2\/posts\/1066\/revisions"}],"predecessor-version":[{"id":1068,"href":"https:\/\/trener.awf.poznan.pl\/senioralny\/wp-json\/wp\/v2\/posts\/1066\/revisions\/1068"}],"wp:attachment":[{"href":"https:\/\/trener.awf.poznan.pl\/senioralny\/wp-json\/wp\/v2\/media?parent=1066"}],"wp:term":[{"taxonomy":"category","embeddable":true,"href":"https:\/\/trener.awf.poznan.pl\/senioralny\/wp-json\/wp\/v2\/categories?post=1066"},{"taxonomy":"post_tag","embeddable":true,"href":"https:\/\/trener.awf.poznan.pl\/senioralny\/wp-json\/wp\/v2\/tags?post=1066"}],"curies":[{"name":"wp","href":"https:\/\/api.w.org\/{rel}","templated":true}]}}