{"id":1071,"date":"2024-02-12T11:31:56","date_gmt":"2024-02-12T10:31:56","guid":{"rendered":"https:\/\/trener.awf.poznan.pl\/senioralny\/?p=1071"},"modified":"2024-02-12T11:34:20","modified_gmt":"2024-02-12T10:34:20","slug":"operator-projektu-w-2024-roku-wyloniony","status":"publish","type":"post","link":"https:\/\/trener.awf.poznan.pl\/senioralny\/operator-projektu-w-2024-roku-wyloniony\/","title":{"rendered":"Operator projektu w 2024 roku wy\u0142oniony!"},"content":{"rendered":"\n\n\n<p>Og\u0142oszono wyniki tegorocznego konkursu na realizatora projektu <span class=\"xv78j7m\" spellcheck=\"false\">Trener Osiedlowy, <\/span>\u00a0<span class=\"xv78j7m\" spellcheck=\"false\">Trener Senioralny.\u00a0<\/span> Jest nam bardzo mi\u0142o poinformowa\u0107 Pa\u0144stwa, \u017ce podobnie jak w ubieg\u0142ym roku <span class=\"xv78j7m\" spellcheck=\"false\">Fundacja na rzecz Akademii Wychowania Fizycznego w Poznaniu<\/span> zosta\u0142a wybrana przez Komisj\u0119 do realizacji projektu w 2024 roku! PLANUJEMY URUCHOMI\u0106 DLA PA\u0143STWA ZAJ\u0118CIA JAK SZYBKO TO TYLKO B\u0118DZIE MO\u017bLIWE! Prosimy nie zasypujcie nas pytaniami &#8222;a kiedy ruszy&#8230;&#8221; &#8222;a kiedy zapisy&#8221; &#8222;a czy b\u0119dzie w tym roku&#8230;&#8221; ROMIMY WSZYSTKO CO W NASZEJ MOCY! KA\u017bDE ZAJ\u0118CIA MUSZ\u0104 BY\u0106 POPRZEDZONE REKRUTACJ\u0104, KT\u00d3RA B\u0118DZIE OG\u0141OSZONA ZA POMOC\u0104 STRONY INTERNETOWEJ ORAZ PROFILU NA FACEBOOK.COM. <br \/>Przypominamy r\u00f3wnie\u017c zasady- pierwsze\u0144stwo w zapisach NA KONKRETNE ZAJ\u0118CIA maj\u0105 osoby, kt\u00f3re jeszcze nie bra\u0142y udzia\u0142u w konkretnych \u0107wiczeniach jak r\u00f3wnie\u017c osoby, kt\u00f3re nie bra\u0142y udzia\u0142u w jesiennej edycji zaj\u0119\u0107. <br \/>W przypadku zaj\u0119\u0107 z ograniczon\u0105 liczb\u0105 miejsc, trzykrotna absencja w zaj\u0119ciach, NIEZALE\u017bNIE OD PRZYCZYN powoduje skre\u015blenie z listy uczestnik\u00f3w, a na miejsce osoby skre\u015blonej wpisywana jest osoba z listy rezerwowej.<br \/>Zapisuj\u0105c si\u0119 na zaj\u0119ciach TRZEBA wype\u0142ni\u0107 papierowe o\u015bwiadczenie wraz ze wszystkimi zgodami. Przy rekrutacji nale\u017cy wylegitymowa\u0107 si\u0119 WA\u017bNYM dokumentem to\u017csamo\u015bci celem weryfikacji o\u015bwiadczenia. <br \/>Zapraszamy do obserwowania naszego profilu i strony!<\/p>\n","protected":false},"excerpt":{"rendered":"<p>Og\u0142oszono wyniki tegorocznego konkursu na realizatora projektu Trener Osiedlowy, \u00a0Trener Senioralny.\u00a0 Jest nam bardzo mi\u0142o poinformowa\u0107 Pa\u0144stwa, \u017ce podobnie jak w ubieg\u0142ym roku Fundacja na rzecz Akademii Wychowania Fizycznego w Poznaniu zosta\u0142a wybrana przez Komisj\u0119 do realizacji projektu w 2024 roku! PLANUJEMY URUCHOMI\u0106 DLA PA\u0143STWA ZAJ\u0118CIA JAK SZYBKO TO TYLKO B\u0118DZIE MO\u017bLIWE! Prosimy nie zasypujcie [&hellip;]<\/p>\n","protected":false},"author":4,"featured_media":0,"comment_status":"open","ping_status":"open","sticky":false,"template":"","format":"standard","meta":{"footnotes":""},"categories":[3],"tags":[],"_links":{"self":[{"href":"https:\/\/trener.awf.poznan.pl\/senioralny\/wp-json\/wp\/v2\/posts\/1071"}],"collection":[{"href":"https:\/\/trener.awf.poznan.pl\/senioralny\/wp-json\/wp\/v2\/posts"}],"about":[{"href":"https:\/\/trener.awf.poznan.pl\/senioralny\/wp-json\/wp\/v2\/types\/post"}],"author":[{"embeddable":true,"href":"https:\/\/trener.awf.poznan.pl\/senioralny\/wp-json\/wp\/v2\/users\/4"}],"replies":[{"embeddable":true,"href":"https:\/\/trener.awf.poznan.pl\/senioralny\/wp-json\/wp\/v2\/comments?post=1071"}],"version-history":[{"count":2,"href":"https:\/\/trener.awf.poznan.pl\/senioralny\/wp-json\/wp\/v2\/posts\/1071\/revisions"}],"predecessor-version":[{"id":1073,"href":"https:\/\/trener.awf.poznan.pl\/senioralny\/wp-json\/wp\/v2\/posts\/1071\/revisions\/1073"}],"wp:attachment":[{"href":"https:\/\/trener.awf.poznan.pl\/senioralny\/wp-json\/wp\/v2\/media?parent=1071"}],"wp:term":[{"taxonomy":"category","embeddable":true,"href":"https:\/\/trener.awf.poznan.pl\/senioralny\/wp-json\/wp\/v2\/categories?post=1071"},{"taxonomy":"post_tag","embeddable":true,"href":"https:\/\/trener.awf.poznan.pl\/senioralny\/wp-json\/wp\/v2\/tags?post=1071"}],"curies":[{"name":"wp","href":"https:\/\/api.w.org\/{rel}","templated":true}]}}