{"id":1082,"date":"2024-02-14T10:10:01","date_gmt":"2024-02-14T09:10:01","guid":{"rendered":"https:\/\/trener.awf.poznan.pl\/senioralny\/?p=1082"},"modified":"2024-02-14T10:10:01","modified_gmt":"2024-02-14T09:10:01","slug":"aqua-senior-na-basenie-awf-terminy-rekrutacji","status":"publish","type":"post","link":"https:\/\/trener.awf.poznan.pl\/senioralny\/aqua-senior-na-basenie-awf-terminy-rekrutacji\/","title":{"rendered":"Aqua Senior na basenie AWF! &#8211; Terminy rekrutacji."},"content":{"rendered":"\n<p>Walentynkowa porcja d\u0142ugo wyczekiwanych informacji o rekrutacji na kolejne zaj\u0119cia! Tym razem <span class=\"xv78j7m\" spellcheck=\"false\">CITYZEN<\/span>! Od razu bardzo prosimy nie dzwo\u0144cie na podane numery wcze\u015bniej ni\u017c podano w og\u0142oszeniu \ud83d\ude42 <br \/>Zapraszamy na dobrze wszystkim znane zaj\u0119cia AQUA SENIOR. W semestrze wiosennym b\u0119d\u0105 si\u0119 one odbywa\u0107 wg. nast\u0119puj\u0105cego planu:<br \/>PONIEDZIA\u0141KI: 8:00, 8:45, 11:45, 12:30, 13:15<br \/>WTORKI: 8:00, 8:45, 9:30<br \/>\u015aRODY: 11:45, 12:30, 15:30<br \/>PI\u0104TKI: 8:00, 8:45, 11:45, 12:30, 13:15<br \/>REKRUTACJA: <br \/><strong>PIERWSZY termin tylko dla os\u00f3b, kt\u00f3re jeszcze nie bra\u0142y udzia\u0142u w \u0107wiczeniach jak r\u00f3wnie\u017c tych os\u00f3b kt\u00f3re nie bra\u0142y udzia\u0142u w jesiennej edycji zaj\u0119\u0107- 19.02.2024r. (poniedzia\u0142ek)<\/strong><br \/>DRUGI termin dla os\u00f3b bior\u0105cych udzia\u0142 w poprzednim semestrze zaj\u0119\u0107 (w ramach pozosta\u0142ych miejsc): 22.02.2024r. (czwartek). <br \/>Zg\u0142oszenia tylko telefonicznie na numery: 725 355 310, 725 355 311, 725 355 312 od otwarcia obiektu (czyli od 5:45). Nie przyjmujemy zapis\u00f3w &#8222;hurtowych&#8221;. Prosimy nie dzwoni\u0107 na podane numery przed rozpocz\u0119ciem rekrutacji. <br \/><strong>Pocz\u0105tek zaj\u0119\u0107 planowany jest na 26.02.2024r.<\/strong><br \/>Przypominamy, ze trzykrotna absencja w zaj\u0119ciach, BEZ WZGL\u0118DU NA POW\u00d3D, powoduje wykre\u015blenie z listy uczestnik\u00f3w i dokooptowanie osoby z listy rezerwowej. Ka\u017cdy uczestnik musi obowi\u0105zkowo wypisa\u0107 o\u015bwiadczenie oraz okaza\u0107 wa\u017cny dow\u00f3d to\u017csamo\u015bci celem weryfikacji sk\u0142adanego o\u015bwiadczenia.<br \/>Projekt jest w pe\u0142ni finansowany ze \u015brodk\u00f3w Wydzia\u0142u Sportu Urz\u0119du <span class=\"xv78j7m\" spellcheck=\"false\">Miasto Pozna\u0144<\/span> w ramach <span class=\"xv78j7m\" spellcheck=\"false\">Pozna\u0144ski Bud\u017cet Obywatelski<\/span> <br \/><span class=\"xv78j7m x1sy0etr\">#poznanwspiera<\/span><\/p>\n","protected":false},"excerpt":{"rendered":"<p>Walentynkowa porcja d\u0142ugo wyczekiwanych informacji o rekrutacji na kolejne zaj\u0119cia! Tym razem CITYZEN! Od razu bardzo prosimy nie dzwo\u0144cie na podane numery wcze\u015bniej ni\u017c podano w og\u0142oszeniu \ud83d\ude42 Zapraszamy na dobrze wszystkim znane zaj\u0119cia AQUA SENIOR. W semestrze wiosennym b\u0119d\u0105 si\u0119 one odbywa\u0107 wg. nast\u0119puj\u0105cego planu:PONIEDZIA\u0141KI: 8:00, 8:45, 11:45, 12:30, 13:15WTORKI: 8:00, 8:45, 9:30\u015aRODY: 11:45, [&hellip;]<\/p>\n","protected":false},"author":4,"featured_media":0,"comment_status":"open","ping_status":"open","sticky":false,"template":"","format":"standard","meta":{"footnotes":""},"categories":[3],"tags":[],"_links":{"self":[{"href":"https:\/\/trener.awf.poznan.pl\/senioralny\/wp-json\/wp\/v2\/posts\/1082"}],"collection":[{"href":"https:\/\/trener.awf.poznan.pl\/senioralny\/wp-json\/wp\/v2\/posts"}],"about":[{"href":"https:\/\/trener.awf.poznan.pl\/senioralny\/wp-json\/wp\/v2\/types\/post"}],"author":[{"embeddable":true,"href":"https:\/\/trener.awf.poznan.pl\/senioralny\/wp-json\/wp\/v2\/users\/4"}],"replies":[{"embeddable":true,"href":"https:\/\/trener.awf.poznan.pl\/senioralny\/wp-json\/wp\/v2\/comments?post=1082"}],"version-history":[{"count":2,"href":"https:\/\/trener.awf.poznan.pl\/senioralny\/wp-json\/wp\/v2\/posts\/1082\/revisions"}],"predecessor-version":[{"id":1141,"href":"https:\/\/trener.awf.poznan.pl\/senioralny\/wp-json\/wp\/v2\/posts\/1082\/revisions\/1141"}],"wp:attachment":[{"href":"https:\/\/trener.awf.poznan.pl\/senioralny\/wp-json\/wp\/v2\/media?parent=1082"}],"wp:term":[{"taxonomy":"category","embeddable":true,"href":"https:\/\/trener.awf.poznan.pl\/senioralny\/wp-json\/wp\/v2\/categories?post=1082"},{"taxonomy":"post_tag","embeddable":true,"href":"https:\/\/trener.awf.poznan.pl\/senioralny\/wp-json\/wp\/v2\/tags?post=1082"}],"curies":[{"name":"wp","href":"https:\/\/api.w.org\/{rel}","templated":true}]}}