{"id":1087,"date":"2024-02-15T07:50:00","date_gmt":"2024-02-15T06:50:00","guid":{"rendered":"https:\/\/trener.awf.poznan.pl\/senioralny\/?p=1087"},"modified":"2024-02-15T08:41:58","modified_gmt":"2024-02-15T07:41:58","slug":"zajecia-gimnastyczno-taneczne-rekrutacja","status":"publish","type":"post","link":"https:\/\/trener.awf.poznan.pl\/senioralny\/zajecia-gimnastyczno-taneczne-rekrutacja\/","title":{"rendered":"Zaj\u0119cia gimnastyczno- taneczne- rekrutacja."},"content":{"rendered":"\n<div dir=\"auto\">Macie ochot\u0119 tanecznym krokiem wej\u015b\u0107 w wiosn\u0119?<\/div>\n<div dir=\"auto\">Zaj\u0119cia gimnastyczno- taneczne prowadzone pod okiem dr El\u017cbiety Grodzkiej- Kubiak to &#8222;sta\u0142y fragment gry&#8221; w naszym programie. Celem naszych zaj\u0119\u0107 jest poprawa sprawno\u015bci fizycznej, koordynacji ruchowej oraz relaks psychiczny. Zaj\u0119cia przeznaczona s\u0105 dla wszystkich os\u00f3b, kt\u00f3re pragn\u0105 poprawi\u0107 swoj\u0105 kondycj\u0119, zadba\u0107 o dobre samopoczucie oraz zwi\u0119kszy\u0107 swoj\u0105 witalno\u015b\u0107. Zaj\u0119cia przeznaczone s\u0105 zar\u00f3wno dla kobiet jak i m\u0119\u017cczyzn. W zaj\u0119ciach przez nas prowadzonych wykorzystujemy elementy ta\u0144ca, fitnessu, stretchingu, jogi, callaneticsu i gimnastyki. Zdecydowana wi\u0119kszo\u015b\u0107 zaj\u0119\u0107 prowadzona jest z muzyk\u0105, do kt\u00f3rej dostosowany jest ruch.<\/div>\n<div dir=\"auto\">Zaj\u0119cia zaplanowane s\u0105 na pi\u0105tki w trzech dost\u0119pnych godzinach: 8:00, 9:00 oraz 10:00.<\/div>\n<div dir=\"auto\">Miejsce prowadzenia zaj\u0119\u0107 ACK TROPS ul. \u015bw. Rocha 9.<\/div>\n<div dir=\"auto\">Rekrutacja: 20 lutego 2024 r. &#8211; pierwszy termin dla os\u00f3b kt\u00f3re jeszcze nie bra\u0142 udzia\u0142u w \u0107wiczeniach jak r\u00f3wnie\u017c tych os\u00f3b kt\u00f3re nie bra\u0142y udzia\u0142u w jesiennej edycji zaj\u0119\u0107<\/div>\n<div dir=\"auto\">24 lutego 2024 r. &#8211; drugi termin dla dla os\u00f3b, kt\u00f3re bra\u0142y udzia\u0142 w poprzednim semestrze zaj\u0119\u0107 (jesiennym) w ramach pozosta\u0142ych wolnych miejsc.<\/div>\n<div dir=\"auto\">Spos\u00f3b rekrutacji:<\/div>\n<div dir=\"auto\">Poprzez e-mail. START ZAPIS\u00d3W OD GODZINY 8:00.<\/div>\n<div dir=\"auto\">Zg\u0142oszenia, kt\u00f3re zostan\u0105 wys\u0142ane przed godz. 8:00 nie b\u0119d\u0105 rozpatrywane. Potwierdzeniem zg\u0142oszenia jest zwrotny mail potwierdzaj\u0105cy.<\/div>\n<div dir=\"auto\">Adres do zg\u0142osze\u0144: ela@fitnessmaestro.pl<\/div>\n<div dir=\"auto\">Przypominamy, \u017ce trzykrotna absencja w zaj\u0119ciach, BEZ WZGL\u0118DU NA POW\u00d3D, powoduje wykre\u015blenie z listy uczestnik\u00f3w i dokooptowanie osoby z listy rezerwowej. Ka\u017cdy uczestnik musi obowi\u0105zkowo wypisa\u0107 o\u015bwiadczenie oraz okaza\u0107 wa\u017cny dow\u00f3d to\u017csamo\u015bci celem weryfikacji sk\u0142adanego o\u015bwiadczenia.<\/div>\n<div dir=\"auto\">Projekt jest w pe\u0142ni finansowany ze \u015brodk\u00f3w Wydzia\u0142u Sportu Urz\u0119du Miasta Poznania w ramach Pozna\u0144skiego Bud\u017cetu Obywatelskiego<\/div>\n<div dir=\"auto\"><a class=\"x1i10hfl xjbqb8w x1ejq31n xd10rxx x1sy0etr x17r0tee x972fbf xcfux6l x1qhh985 xm0m39n x9f619 x1ypdohk xt0psk2 xe8uvvx xdj266r x11i5rnm xat24cr x1mh8g0r xexx8yu x4uap5 x18d9i69 xkhd6sd x16tdsg8 x1hl2dhg xggy1nq x1a2a7pz xt0b8zv x1fey0fg xo1l8bm\" tabindex=\"0\" role=\"link\" href=\"https:\/\/www.facebook.com\/hashtag\/poznanwspiera?__eep__=6&amp;__cft__[0]=AZVErVqd2o77Ob0r6RjJIgMjY_5AOzsaeXMyVai_6ncA5IAsOLa6ko5b83yRVmuDhkjaOpRY_Htw7P6fTV5WPjYOGcivYZldW0ogXbWTDyx-beESox9aW2VTW7yAGh-YH6A&amp;__tn__=*NK-R\" target=\"_blank\" rel=\"noopener\">#poznanwspiera<\/a><\/div>\n","protected":false},"excerpt":{"rendered":"<p>Macie ochot\u0119 tanecznym krokiem wej\u015b\u0107 w wiosn\u0119? Zaj\u0119cia gimnastyczno- taneczne prowadzone pod okiem dr El\u017cbiety Grodzkiej- Kubiak to &#8222;sta\u0142y fragment gry&#8221; w naszym programie. Celem naszych zaj\u0119\u0107 jest poprawa sprawno\u015bci fizycznej, koordynacji ruchowej oraz relaks psychiczny. Zaj\u0119cia przeznaczona s\u0105 dla wszystkich os\u00f3b, kt\u00f3re pragn\u0105 poprawi\u0107 swoj\u0105 kondycj\u0119, zadba\u0107 o dobre samopoczucie oraz zwi\u0119kszy\u0107 swoj\u0105 witalno\u015b\u0107. [&hellip;]<\/p>\n","protected":false},"author":4,"featured_media":0,"comment_status":"open","ping_status":"open","sticky":false,"template":"","format":"standard","meta":{"footnotes":""},"categories":[3],"tags":[],"_links":{"self":[{"href":"https:\/\/trener.awf.poznan.pl\/senioralny\/wp-json\/wp\/v2\/posts\/1087"}],"collection":[{"href":"https:\/\/trener.awf.poznan.pl\/senioralny\/wp-json\/wp\/v2\/posts"}],"about":[{"href":"https:\/\/trener.awf.poznan.pl\/senioralny\/wp-json\/wp\/v2\/types\/post"}],"author":[{"embeddable":true,"href":"https:\/\/trener.awf.poznan.pl\/senioralny\/wp-json\/wp\/v2\/users\/4"}],"replies":[{"embeddable":true,"href":"https:\/\/trener.awf.poznan.pl\/senioralny\/wp-json\/wp\/v2\/comments?post=1087"}],"version-history":[{"count":2,"href":"https:\/\/trener.awf.poznan.pl\/senioralny\/wp-json\/wp\/v2\/posts\/1087\/revisions"}],"predecessor-version":[{"id":1093,"href":"https:\/\/trener.awf.poznan.pl\/senioralny\/wp-json\/wp\/v2\/posts\/1087\/revisions\/1093"}],"wp:attachment":[{"href":"https:\/\/trener.awf.poznan.pl\/senioralny\/wp-json\/wp\/v2\/media?parent=1087"}],"wp:term":[{"taxonomy":"category","embeddable":true,"href":"https:\/\/trener.awf.poznan.pl\/senioralny\/wp-json\/wp\/v2\/categories?post=1087"},{"taxonomy":"post_tag","embeddable":true,"href":"https:\/\/trener.awf.poznan.pl\/senioralny\/wp-json\/wp\/v2\/tags?post=1087"}],"curies":[{"name":"wp","href":"https:\/\/api.w.org\/{rel}","templated":true}]}}