{"id":1099,"date":"2024-02-20T07:30:00","date_gmt":"2024-02-20T06:30:00","guid":{"rendered":"https:\/\/trener.awf.poznan.pl\/senioralny\/?p=1099"},"modified":"2024-02-15T14:58:38","modified_gmt":"2024-02-15T13:58:38","slug":"aquasenior-na-plywalni-winogrady-rekrutacja","status":"publish","type":"post","link":"https:\/\/trener.awf.poznan.pl\/senioralny\/aquasenior-na-plywalni-winogrady-rekrutacja\/","title":{"rendered":"Aquasenior na p\u0142ywalni Winogrady- rekrutacja."},"content":{"rendered":"\n<div dir=\"auto\">Razem z <a class=\"x1i10hfl xjbqb8w x1ejq31n xd10rxx x1sy0etr x17r0tee x972fbf xcfux6l x1qhh985 xm0m39n x9f619 x1ypdohk xt0psk2 xe8uvvx xdj266r x11i5rnm xat24cr x1mh8g0r xexx8yu x4uap5 x18d9i69 xkhd6sd x16tdsg8 x1hl2dhg xggy1nq x1a2a7pz xt0b8zv x1fey0fg xo1l8bm\" tabindex=\"0\" role=\"link\" href=\"https:\/\/www.facebook.com\/posir.poznan?__cft__[0]=AZVkYkyby7saIKCdQgWhdHXv4mxL1lhuIfs_AodYPw4cmSNxohPTJ6yQonYEzy7wFc-gvffrQj_3UEjaWp0KGKE2GxKHBJOidgIFpwMzdN43WCWm4omyUuq9vVssBjeavro&amp;__tn__=-]K-R\" target=\"_blank\" rel=\"noopener\"><span class=\"xt0psk2\">Pozna\u0144skie O\u015brodki Sportu i Rekreacji<\/span><\/a> <a class=\"x1i10hfl xjbqb8w x1ejq31n xd10rxx x1sy0etr x17r0tee x972fbf xcfux6l x1qhh985 xm0m39n x9f619 x1ypdohk xt0psk2 xe8uvvx xdj266r x11i5rnm xat24cr x1mh8g0r xexx8yu x4uap5 x18d9i69 xkhd6sd x16tdsg8 x1hl2dhg xggy1nq x1a2a7pz xt0b8zv x1fey0fg xo1l8bm\" tabindex=\"0\" role=\"link\" href=\"https:\/\/www.facebook.com\/plywalnia.winogrady?__cft__[0]=AZVkYkyby7saIKCdQgWhdHXv4mxL1lhuIfs_AodYPw4cmSNxohPTJ6yQonYEzy7wFc-gvffrQj_3UEjaWp0KGKE2GxKHBJOidgIFpwMzdN43WCWm4omyUuq9vVssBjeavro&amp;__tn__=-]K-R\" target=\"_blank\" rel=\"noopener\"><span class=\"xt0psk2\">P\u0142ywalnia Miejska Winogrady<\/span><\/a> przygotowali\u015bmy miejsca dla przesz\u0142o 330 os\u00f3b na zaj\u0119ciach Aqua senior!<\/div>\n<div dir=\"auto\">Plan zaj\u0119\u0107:<\/div>\n<div dir=\"auto\">Poniedzia\u0142ki 8:30, 9:15<\/div>\n<div dir=\"auto\">\u015arody: 8:30, 9:15, 10:00, 10:45, 11:30, 12:15<\/div>\n<div dir=\"auto\">Czwartki: 9:15, 10:00, 10:45, 11:30, 12:15<\/div>\n<div dir=\"auto\">Rekrutacja wy\u0142\u0105cznie OSOBISTA:<\/div>\n<div dir=\"auto\">26 lutego 2024 r. od godziny 6:00 (otwarcie obiektu) pierwszy termin dla os\u00f3b, kt\u00f3re jeszcze nie bra\u0142y udzia\u0142u w \u0107wiczeniach jak r\u00f3wnie\u017c tych os\u00f3b kt\u00f3re nie bra\u0142y udzia\u0142u w jesiennej edycji zaj\u0119\u0107.<\/div>\n<div dir=\"auto\">04 marca 2024 r. &#8211; drugi termin dla dla os\u00f3b, kt\u00f3re bra\u0142y udzia\u0142 w poprzednim semestrze zaj\u0119\u0107 (jesiennym) w ramach pozosta\u0142ych wolnych miejsc.<\/div>\n<div dir=\"auto\">START ZAJ\u0118\u0106 11.03.2024r.<\/div>\n<div dir=\"auto\">Przypominamy, \u017ce nie przyjmujemy zapis\u00f3w &#8222;hurtowych&#8221; oraz \u017ce trzykrotna absencja w zaj\u0119ciach, BEZ WZGL\u0118DU NA POW\u00d3D, powoduje wykre\u015blenie z listy uczestnik\u00f3w i dokooptowanie osoby z listy rezerwowej. Ka\u017cdy uczestnik musi obowi\u0105zkowo wypisa\u0107 o\u015bwiadczenie oraz okaza\u0107 wa\u017cny dow\u00f3d to\u017csamo\u015bci celem weryfikacji sk\u0142adanego o\u015bwiadczenia.<\/div>\n<div dir=\"auto\">Projekt jest w pe\u0142ni finansowany ze \u015brodk\u00f3w Wydzia\u0142u Sportu Urz\u0119du <a class=\"x1i10hfl xjbqb8w x1ejq31n xd10rxx x1sy0etr x17r0tee x972fbf xcfux6l x1qhh985 xm0m39n x9f619 x1ypdohk xt0psk2 xe8uvvx xdj266r x11i5rnm xat24cr x1mh8g0r xexx8yu x4uap5 x18d9i69 xkhd6sd x16tdsg8 x1hl2dhg xggy1nq x1a2a7pz xt0b8zv x1fey0fg xo1l8bm\" tabindex=\"0\" role=\"link\" href=\"https:\/\/www.facebook.com\/Poznan?__cft__[0]=AZVkYkyby7saIKCdQgWhdHXv4mxL1lhuIfs_AodYPw4cmSNxohPTJ6yQonYEzy7wFc-gvffrQj_3UEjaWp0KGKE2GxKHBJOidgIFpwMzdN43WCWm4omyUuq9vVssBjeavro&amp;__tn__=-]K-R\" target=\"_blank\" rel=\"noopener\"><span class=\"xt0psk2\">Miasto Pozna\u0144<\/span><\/a> w ramach <a class=\"x1i10hfl xjbqb8w x1ejq31n xd10rxx x1sy0etr x17r0tee x972fbf xcfux6l x1qhh985 xm0m39n x9f619 x1ypdohk xt0psk2 xe8uvvx xdj266r x11i5rnm xat24cr x1mh8g0r xexx8yu x4uap5 x18d9i69 xkhd6sd x16tdsg8 x1hl2dhg xggy1nq x1a2a7pz xt0b8zv x1fey0fg xo1l8bm\" tabindex=\"0\" role=\"link\" href=\"https:\/\/www.facebook.com\/BudzetObywatelskiPoznan?__cft__[0]=AZVkYkyby7saIKCdQgWhdHXv4mxL1lhuIfs_AodYPw4cmSNxohPTJ6yQonYEzy7wFc-gvffrQj_3UEjaWp0KGKE2GxKHBJOidgIFpwMzdN43WCWm4omyUuq9vVssBjeavro&amp;__tn__=-]K-R\" target=\"_blank\" rel=\"noopener\"><span class=\"xt0psk2\">Pozna\u0144ski Bud\u017cet Obywatelski<\/span><\/a><\/div>\n","protected":false},"excerpt":{"rendered":"<p>Razem z Pozna\u0144skie O\u015brodki Sportu i Rekreacji P\u0142ywalnia Miejska Winogrady przygotowali\u015bmy miejsca dla przesz\u0142o 330 os\u00f3b na zaj\u0119ciach Aqua senior! Plan zaj\u0119\u0107: Poniedzia\u0142ki 8:30, 9:15 \u015arody: 8:30, 9:15, 10:00, 10:45, 11:30, 12:15 Czwartki: 9:15, 10:00, 10:45, 11:30, 12:15 Rekrutacja wy\u0142\u0105cznie OSOBISTA: 26 lutego 2024 r. od godziny 6:00 (otwarcie obiektu) pierwszy termin dla os\u00f3b, kt\u00f3re [&hellip;]<\/p>\n","protected":false},"author":4,"featured_media":0,"comment_status":"open","ping_status":"open","sticky":false,"template":"","format":"standard","meta":{"footnotes":""},"categories":[3],"tags":[],"_links":{"self":[{"href":"https:\/\/trener.awf.poznan.pl\/senioralny\/wp-json\/wp\/v2\/posts\/1099"}],"collection":[{"href":"https:\/\/trener.awf.poznan.pl\/senioralny\/wp-json\/wp\/v2\/posts"}],"about":[{"href":"https:\/\/trener.awf.poznan.pl\/senioralny\/wp-json\/wp\/v2\/types\/post"}],"author":[{"embeddable":true,"href":"https:\/\/trener.awf.poznan.pl\/senioralny\/wp-json\/wp\/v2\/users\/4"}],"replies":[{"embeddable":true,"href":"https:\/\/trener.awf.poznan.pl\/senioralny\/wp-json\/wp\/v2\/comments?post=1099"}],"version-history":[{"count":1,"href":"https:\/\/trener.awf.poznan.pl\/senioralny\/wp-json\/wp\/v2\/posts\/1099\/revisions"}],"predecessor-version":[{"id":1100,"href":"https:\/\/trener.awf.poznan.pl\/senioralny\/wp-json\/wp\/v2\/posts\/1099\/revisions\/1100"}],"wp:attachment":[{"href":"https:\/\/trener.awf.poznan.pl\/senioralny\/wp-json\/wp\/v2\/media?parent=1099"}],"wp:term":[{"taxonomy":"category","embeddable":true,"href":"https:\/\/trener.awf.poznan.pl\/senioralny\/wp-json\/wp\/v2\/categories?post=1099"},{"taxonomy":"post_tag","embeddable":true,"href":"https:\/\/trener.awf.poznan.pl\/senioralny\/wp-json\/wp\/v2\/tags?post=1099"}],"curies":[{"name":"wp","href":"https:\/\/api.w.org\/{rel}","templated":true}]}}