{"id":1101,"date":"2024-02-18T15:18:20","date_gmt":"2024-02-18T14:18:20","guid":{"rendered":"https:\/\/trener.awf.poznan.pl\/senioralny\/?p=1101"},"modified":"2024-02-26T11:53:23","modified_gmt":"2024-02-26T10:53:23","slug":"plywalnia-posir-rataje-rekrutacja","status":"publish","type":"post","link":"https:\/\/trener.awf.poznan.pl\/senioralny\/plywalnia-posir-rataje-rekrutacja\/","title":{"rendered":"P\u0142ywalnia POSIR Rataje- rekrutacja!"},"content":{"rendered":"\n<div class=\"\" data-block=\"true\" data-editor=\"9b6jh\" data-offset-key=\"3lg4u-0-0\">\n<div class=\"_1mf _1mj\" data-offset-key=\"3lg4u-0-0\"><span data-offset-key=\"3lg4u-1-0\">Razem z <\/span><span class=\"_247o\" spellcheck=\"false\" data-offset-key=\"3lg4u-2-0\"><span data-offset-key=\"3lg4u-2-0\">Pozna\u0144skie O\u015brodki Sportu i Rekreacji<\/span><\/span> <span class=\"_247o\" spellcheck=\"false\" data-offset-key=\"3lg4u-4-0\"><span data-offset-key=\"3lg4u-4-0\">P\u0142ywalnia Miejska Rataje<\/span><\/span><span data-offset-key=\"3lg4u-5-0\"> przygotowali\u015bmy miejsca dla przesz\u0142o 200 os\u00f3b na bezp\u0142atnych zaj\u0119ciach Aqua Senior! Plan zaj\u0119\u0107:<\/span><\/div>\n<\/div>\n<div class=\"\" data-block=\"true\" data-editor=\"9b6jh\" data-offset-key=\"dqki4-0-0\">\n<div class=\"_1mf _1mj\" data-offset-key=\"dqki4-0-0\"><span data-offset-key=\"dqki4-0-0\">Poniedzia\u0142ki 13:00, 13:45, 14:30<\/span><\/div>\n<\/div>\n<div class=\"\" data-block=\"true\" data-editor=\"9b6jh\" data-offset-key=\"5hqce-0-0\">\n<div class=\"_1mf _1mj\" data-offset-key=\"5hqce-0-0\"><span data-offset-key=\"5hqce-0-0\">Wtorki: 13:00<\/span><\/div>\n<\/div>\n<div class=\"\" data-block=\"true\" data-editor=\"9b6jh\" data-offset-key=\"55jt6-0-0\">\n<div class=\"_1mf _1mj\" data-offset-key=\"55jt6-0-0\"><span data-offset-key=\"55jt6-0-0\">\u015arody: 13:45<\/span><\/div>\n<\/div>\n<div class=\"\" data-block=\"true\" data-editor=\"9b6jh\" data-offset-key=\"6ehvh-0-0\">\n<div class=\"_1mf _1mj\" data-offset-key=\"6ehvh-0-0\"><span data-offset-key=\"6ehvh-0-0\">Czwartki: 14:00, 14:45<\/span><\/div>\n<\/div>\n<div class=\"\" data-block=\"true\" data-editor=\"9b6jh\" data-offset-key=\"731ro-0-0\">\n<div class=\"_1mf _1mj\" data-offset-key=\"731ro-0-0\"><span data-offset-key=\"731ro-0-0\">Pi\u0105tki: 13:00, 13:45<\/span><\/div>\n<\/div>\n<div class=\"\" data-block=\"true\" data-editor=\"9b6jh\" data-offset-key=\"33hru-0-0\">\n<div class=\"_1mf _1mj\" data-offset-key=\"33hru-0-0\"><span data-offset-key=\"33hru-0-0\">Niedziele: 10:00, 10:45, i 11:30<\/span><\/div>\n<\/div>\n<div class=\"\" data-block=\"true\" data-editor=\"9b6jh\" data-offset-key=\"67sgm-0-0\">\n<div class=\"_1mf _1mj\" data-offset-key=\"67sgm-0-0\"><span data-offset-key=\"67sgm-0-0\">Rekrutacja wy\u0142\u0105cznie OSOBISTA:<\/span><\/div>\n<\/div>\n<div class=\"\" data-block=\"true\" data-editor=\"9b6jh\" data-offset-key=\"c5hr7-0-0\">\n<div class=\"_1mf _1mj\" data-offset-key=\"c5hr7-0-0\"><span data-offset-key=\"c5hr7-0-0\">26-27 lutego 2024 r. od godziny 10:00 pierwszy termin dla os\u00f3b, kt\u00f3re jeszcze nie bra\u0142y udzia\u0142u w \u0107wiczeniach jak r\u00f3wnie\u017c tych os\u00f3b kt\u00f3re nie bra\u0142y udzia\u0142u w jesiennej edycji zaj\u0119\u0107. <\/span><\/div>\n<\/div>\n<div class=\"\" data-block=\"true\" data-editor=\"9b6jh\" data-offset-key=\"9db3m-0-0\">\n<div class=\"_1mf _1mj\" data-offset-key=\"9db3m-0-0\"><span data-offset-key=\"9db3m-0-0\">28-29 lutego 2024 r. &#8211; drugi termin dla dla os\u00f3b, kt\u00f3re bra\u0142y udzia\u0142 w poprzednim semestrze zaj\u0119\u0107 (jesiennym) w ramach pozosta\u0142ych wolnych miejsc.<\/span><\/div>\n<\/div>\n<div class=\"\" data-block=\"true\" data-editor=\"9b6jh\" data-offset-key=\"1o5es-0-0\">\n<div class=\"_1mf _1mj\" data-offset-key=\"1o5es-0-0\"><span data-offset-key=\"1o5es-0-0\">START ZAJ\u0118\u0106 04.03.2024r. <\/span><\/div>\n<\/div>\n<div class=\"\" data-block=\"true\" data-editor=\"9b6jh\" data-offset-key=\"5a7od-0-0\">\n<div class=\"_1mf _1mj\" data-offset-key=\"5a7od-0-0\"><span data-offset-key=\"5a7od-0-0\">Przypominamy, \u017ce nie przyjmujemy zapis\u00f3w &#8222;hurtowych&#8221; oraz \u017ce trzykrotna absencja w zaj\u0119ciach, BEZ WZGL\u0118DU NA POW\u00d3D, powoduje wykre\u015blenie z listy uczestnik\u00f3w i dokooptowanie osoby z listy rezerwowej. Ka\u017cdy uczestnik musi obowi\u0105zkowo wypisa\u0107 o\u015bwiadczenie oraz okaza\u0107 wa\u017cny dow\u00f3d to\u017csamo\u015bci celem weryfikacji sk\u0142adanego o\u015bwiadczenia.<\/span><\/div>\n<\/div>\n<div class=\"\" data-block=\"true\" data-editor=\"9b6jh\" data-offset-key=\"1b1u-0-0\">\n<div class=\"_1mf _1mj\" data-offset-key=\"1b1u-0-0\"><span data-offset-key=\"1b1u-0-0\">Projekt jest w pe\u0142ni finansowany ze \u015brodk\u00f3w Wydzia\u0142u Sportu Urz\u0119du <\/span><span class=\"_247o\" spellcheck=\"false\" data-offset-key=\"1b1u-1-0\"><span data-offset-key=\"1b1u-1-0\">Miasto Pozna\u0144<\/span><\/span><span data-offset-key=\"1b1u-2-0\"> w ramach <\/span><span class=\"_247o\" spellcheck=\"false\" data-offset-key=\"1b1u-3-0\"><span data-offset-key=\"1b1u-3-0\">Pozna\u0144ski Bud\u017cet Obywatelski<\/span><\/span><\/div>\n<\/div>\n<div class=\"\" data-block=\"true\" data-editor=\"9b6jh\" data-offset-key=\"6iu4a-0-0\">\n<div class=\"_1mf _1mj\" data-offset-key=\"6iu4a-0-0\"><span class=\"_5zk7\" spellcheck=\"false\" data-offset-key=\"6iu4a-0-0\"><span data-offset-key=\"6iu4a-0-0\">#poznanwspiera<\/span><\/span><\/div>\n<\/div>\n","protected":false},"excerpt":{"rendered":"<p>Razem z Pozna\u0144skie O\u015brodki Sportu i Rekreacji P\u0142ywalnia Miejska Rataje przygotowali\u015bmy miejsca dla przesz\u0142o 200 os\u00f3b na bezp\u0142atnych zaj\u0119ciach Aqua Senior! Plan zaj\u0119\u0107: Poniedzia\u0142ki 13:00, 13:45, 14:30 Wtorki: 13:00 \u015arody: 13:45 Czwartki: 14:00, 14:45 Pi\u0105tki: 13:00, 13:45 Niedziele: 10:00, 10:45, i 11:30 Rekrutacja wy\u0142\u0105cznie OSOBISTA: 26-27 lutego 2024 r. od godziny 10:00 pierwszy termin dla [&hellip;]<\/p>\n","protected":false},"author":4,"featured_media":0,"comment_status":"open","ping_status":"open","sticky":false,"template":"","format":"standard","meta":{"footnotes":""},"categories":[3],"tags":[],"_links":{"self":[{"href":"https:\/\/trener.awf.poznan.pl\/senioralny\/wp-json\/wp\/v2\/posts\/1101"}],"collection":[{"href":"https:\/\/trener.awf.poznan.pl\/senioralny\/wp-json\/wp\/v2\/posts"}],"about":[{"href":"https:\/\/trener.awf.poznan.pl\/senioralny\/wp-json\/wp\/v2\/types\/post"}],"author":[{"embeddable":true,"href":"https:\/\/trener.awf.poznan.pl\/senioralny\/wp-json\/wp\/v2\/users\/4"}],"replies":[{"embeddable":true,"href":"https:\/\/trener.awf.poznan.pl\/senioralny\/wp-json\/wp\/v2\/comments?post=1101"}],"version-history":[{"count":1,"href":"https:\/\/trener.awf.poznan.pl\/senioralny\/wp-json\/wp\/v2\/posts\/1101\/revisions"}],"predecessor-version":[{"id":1102,"href":"https:\/\/trener.awf.poznan.pl\/senioralny\/wp-json\/wp\/v2\/posts\/1101\/revisions\/1102"}],"wp:attachment":[{"href":"https:\/\/trener.awf.poznan.pl\/senioralny\/wp-json\/wp\/v2\/media?parent=1101"}],"wp:term":[{"taxonomy":"category","embeddable":true,"href":"https:\/\/trener.awf.poznan.pl\/senioralny\/wp-json\/wp\/v2\/categories?post=1101"},{"taxonomy":"post_tag","embeddable":true,"href":"https:\/\/trener.awf.poznan.pl\/senioralny\/wp-json\/wp\/v2\/tags?post=1101"}],"curies":[{"name":"wp","href":"https:\/\/api.w.org\/{rel}","templated":true}]}}