{"id":1104,"date":"2024-02-16T10:13:00","date_gmt":"2024-02-16T09:13:00","guid":{"rendered":"https:\/\/trener.awf.poznan.pl\/senioralny\/?p=1104"},"modified":"2024-02-16T15:16:47","modified_gmt":"2024-02-16T14:16:47","slug":"cognicise-cwicz-i-mysl-i-zahamuj-starzenie","status":"publish","type":"post","link":"https:\/\/trener.awf.poznan.pl\/senioralny\/cognicise-cwicz-i-mysl-i-zahamuj-starzenie\/","title":{"rendered":"Cognicise \u2013 \u0107wicz i my\u015bl i zahamuj starzenie!"},"content":{"rendered":"\n<div dir=\"auto\">Warto \u0107wiczy\u0107 nie tylko cia\u0142o, ale r\u00f3wnie\u017c umys\u0142. A najlepiej robi\u0107 to jednocze\u015bnie. Tak\u0105 mo\u017cliwo\u015b\u0107 daj\u0105 zaj\u0119cia Cognicise \u2013 \u0107wicz i my\u015bl. Oparte s\u0105 one na autorskim programie instruktor\u00f3w (dr Roman Celka oraz dr Jan Adamczyk), polegaj\u0105cym na \u0107wiczeniach w modelu wielozadaniowym, gdzie podczas wykonywania ruch\u00f3w uczestnicy wykonuj\u0105 r\u00f3wnie\u017c proste zadania umys\u0142owe. Dodatkowym atutem jest fakt, \u017ce zaj\u0119cia odbywaj\u0105 si\u0119 przy \u017cywym akompaniamencie pianina.<\/div>\n<div dir=\"auto\">Efekty zdrowotne oraz dobra zabawa gwarantowane!<\/div>\n<div dir=\"auto\">Zaj\u0119cia odbywaj\u0105 si\u0119 w poniedzia\u0142ki o godz. 12:00, 13:00, 14:00 i 15:00 oraz w \u015brody o godz. 8:00, 9:00, 10:00 i 11:00. Miejsce prowadzenia zaj\u0119\u0107 ACK TROPS ul. \u015bw. Rocha 9.<\/div>\n<div dir=\"auto\">Rekrutacja:<\/div>\n<div dir=\"auto\">19 lutego 2024 r., od godziny 13:00 &#8211; pierwszy termin dla os\u00f3b, kt\u00f3re jeszcze nie bra\u0142 udzia\u0142u w \u0107wiczeniach, jak r\u00f3wnie\u017c tych os\u00f3b kt\u00f3re nie bra\u0142y udzia\u0142u w jesiennej edycji zaj\u0119\u0107.<\/div>\n<div dir=\"auto\">21 lutego 2024 r., od godziny 11:00 &#8211; drugi termin dla os\u00f3b, kt\u00f3re bra\u0142y udzia\u0142 w poprzednim semestrze zaj\u0119\u0107 (jesiennym) w ramach pozosta\u0142ych wolnych miejsc.<\/div>\n<div dir=\"auto\">Spos\u00f3b rekrutacji:<\/div>\n<div dir=\"auto\">Poprzez e-mail: cognicise@wp.pl<\/div>\n<div dir=\"auto\">Potwierdzeniem zg\u0142oszenia jest zwrotny e-mail potwierdzaj\u0105cy.<\/div>\n<div dir=\"auto\">Przypominamy, \u017ce trzykrotna absencja w zaj\u0119ciach, BEZ WZGL\u0118DU NA POW\u00d3D, powoduje wykre\u015blenie z listy uczestnik\u00f3w i dokooptowanie osoby z listy rezerwowej. Ka\u017cdy uczestnik musi obowi\u0105zkowo wypisa\u0107 o\u015bwiadczenie oraz okaza\u0107 wa\u017cny dow\u00f3d to\u017csamo\u015bci celem weryfikacji sk\u0142adanego o\u015bwiadczenia.<\/div>\n<div dir=\"auto\">Projekt jest w pe\u0142ni finansowany ze \u015brodk\u00f3w Wydzia\u0142u Sportu Urz\u0119du <a class=\"x1i10hfl xjbqb8w x1ejq31n xd10rxx x1sy0etr x17r0tee x972fbf xcfux6l x1qhh985 xm0m39n x9f619 x1ypdohk xt0psk2 xe8uvvx xdj266r x11i5rnm xat24cr x1mh8g0r xexx8yu x4uap5 x18d9i69 xkhd6sd x16tdsg8 x1hl2dhg xggy1nq x1a2a7pz xt0b8zv x1fey0fg xo1l8bm\" tabindex=\"0\" role=\"link\" href=\"https:\/\/www.facebook.com\/Poznan?__cft__[0]=AZVnXmTJPE-rQZwCoynrJaqmDrvmldjsqsDMHJM1ueTP5x2SIjFpeob0Tyv50ydg1HTGnqfTf9BPvNXIWwiO9Agd4uLP5Ef2mR4CVQvmlLl_zfW87U_0lT_D_G9O2up6nl_RN6mQ5UXJdB3ZbMZa31a3tTgVat_6A-18VVzG7V-r6R2n7zVci6f0a0Dpya36gZY&amp;__tn__=-]K-R\"><span class=\"xt0psk2\">Miasto Pozna\u0144<\/span><\/a> w ramach <a class=\"x1i10hfl xjbqb8w x1ejq31n xd10rxx x1sy0etr x17r0tee x972fbf xcfux6l x1qhh985 xm0m39n x9f619 x1ypdohk xt0psk2 xe8uvvx xdj266r x11i5rnm xat24cr x1mh8g0r xexx8yu x4uap5 x18d9i69 xkhd6sd x16tdsg8 x1hl2dhg xggy1nq x1a2a7pz xt0b8zv x1fey0fg xo1l8bm\" tabindex=\"0\" role=\"link\" href=\"https:\/\/www.facebook.com\/BudzetObywatelskiPoznan?__cft__[0]=AZVnXmTJPE-rQZwCoynrJaqmDrvmldjsqsDMHJM1ueTP5x2SIjFpeob0Tyv50ydg1HTGnqfTf9BPvNXIWwiO9Agd4uLP5Ef2mR4CVQvmlLl_zfW87U_0lT_D_G9O2up6nl_RN6mQ5UXJdB3ZbMZa31a3tTgVat_6A-18VVzG7V-r6R2n7zVci6f0a0Dpya36gZY&amp;__tn__=-]K-R\"><span class=\"xt0psk2\">Pozna\u0144ski Bud\u017cet Obywatelski<\/span><\/a><\/div>\n","protected":false},"excerpt":{"rendered":"<p>Warto \u0107wiczy\u0107 nie tylko cia\u0142o, ale r\u00f3wnie\u017c umys\u0142. A najlepiej robi\u0107 to jednocze\u015bnie. Tak\u0105 mo\u017cliwo\u015b\u0107 daj\u0105 zaj\u0119cia Cognicise \u2013 \u0107wicz i my\u015bl. Oparte s\u0105 one na autorskim programie instruktor\u00f3w (dr Roman Celka oraz dr Jan Adamczyk), polegaj\u0105cym na \u0107wiczeniach w modelu wielozadaniowym, gdzie podczas wykonywania ruch\u00f3w uczestnicy wykonuj\u0105 r\u00f3wnie\u017c proste zadania umys\u0142owe. Dodatkowym atutem jest [&hellip;]<\/p>\n","protected":false},"author":4,"featured_media":0,"comment_status":"open","ping_status":"open","sticky":false,"template":"","format":"standard","meta":{"footnotes":""},"categories":[3],"tags":[],"_links":{"self":[{"href":"https:\/\/trener.awf.poznan.pl\/senioralny\/wp-json\/wp\/v2\/posts\/1104"}],"collection":[{"href":"https:\/\/trener.awf.poznan.pl\/senioralny\/wp-json\/wp\/v2\/posts"}],"about":[{"href":"https:\/\/trener.awf.poznan.pl\/senioralny\/wp-json\/wp\/v2\/types\/post"}],"author":[{"embeddable":true,"href":"https:\/\/trener.awf.poznan.pl\/senioralny\/wp-json\/wp\/v2\/users\/4"}],"replies":[{"embeddable":true,"href":"https:\/\/trener.awf.poznan.pl\/senioralny\/wp-json\/wp\/v2\/comments?post=1104"}],"version-history":[{"count":1,"href":"https:\/\/trener.awf.poznan.pl\/senioralny\/wp-json\/wp\/v2\/posts\/1104\/revisions"}],"predecessor-version":[{"id":1105,"href":"https:\/\/trener.awf.poznan.pl\/senioralny\/wp-json\/wp\/v2\/posts\/1104\/revisions\/1105"}],"wp:attachment":[{"href":"https:\/\/trener.awf.poznan.pl\/senioralny\/wp-json\/wp\/v2\/media?parent=1104"}],"wp:term":[{"taxonomy":"category","embeddable":true,"href":"https:\/\/trener.awf.poznan.pl\/senioralny\/wp-json\/wp\/v2\/categories?post=1104"},{"taxonomy":"post_tag","embeddable":true,"href":"https:\/\/trener.awf.poznan.pl\/senioralny\/wp-json\/wp\/v2\/tags?post=1104"}],"curies":[{"name":"wp","href":"https:\/\/api.w.org\/{rel}","templated":true}]}}