{"id":1115,"date":"2024-02-18T18:23:00","date_gmt":"2024-02-18T17:23:00","guid":{"rendered":"https:\/\/trener.awf.poznan.pl\/senioralny\/?p=1115"},"modified":"2024-02-19T18:27:47","modified_gmt":"2024-02-19T17:27:47","slug":"nabor-na-zajecia-w-klubie-remplus-polanka","status":"publish","type":"post","link":"https:\/\/trener.awf.poznan.pl\/senioralny\/nabor-na-zajecia-w-klubie-remplus-polanka\/","title":{"rendered":"Nab\u00f3r na zaj\u0119cia w klubie RemPlus Polanka."},"content":{"rendered":"\n<p>Zdrowy Kr\u0119gos\u0142up oraz zaj\u0119cia z Gimnastyki Seniora- nab\u00f3r na te w\u0142a\u015bnie zaj\u0119cia, kt\u00f3re odbywa\u0107 si\u0119 b\u0119d\u0105 w klubie Remplus RehaFitness ul. Katowicka 77, rusza 20 lutego (wtorek)<\/p>\n<p>Plan zaj\u0119\u0107;<\/p>\n<p>Poniedzia\u0142ki- Zdrowy Kr\u0119gos\u0142up godzina 9:00<\/p>\n<p>Czwartki- Gimnastyka godzina 9:00<\/p>\n<p>Pi\u0105tki -Gimnastyka godzina 9:00<\/p>\n<p>Pierwszy termin dla os\u00f3b nie uczestnicz\u0105cych w zaj\u0119ciach w poprzednim semestrze:\u00a0 <span style=\"font-size: revert; color: initial;\">20 lutego od godzin otwarcia klubu\u00a0<\/span><\/p>\n<p>Drugi termin dla os\u00f3b uczestnicz\u0105cych w zaj\u0119ciach w roku ubieg\u0142ym w semestrze jesiennym: 21 lutego od godziny otwarcia klubu.\u00a0<\/p>\n<p>Zapisy prowadzone s\u0105 telefonicznie &#8211; 502 751 669 lub osobi\u015bcie.<\/p>\n<p>Pami\u0119tajcie, \u017ce wszystkie nasze zaj\u0119cia s\u0105 absolutnie darmowe dla os\u00f3b po 60 roku \u017cycia zamieszkuj\u0105cych na sta\u0142e na terenie Miasto Pozna\u0144 dzi\u0119ki pe\u0142nemu finansowaniu, ze \u015brodk\u00f3w Pozna\u0144ski Bud\u017cet Obywatelski\u00a0<\/p>\n<p>#poznanwspiera<\/p>\n","protected":false},"excerpt":{"rendered":"<p>Zdrowy Kr\u0119gos\u0142up oraz zaj\u0119cia z Gimnastyki Seniora- nab\u00f3r na te w\u0142a\u015bnie zaj\u0119cia, kt\u00f3re odbywa\u0107 si\u0119 b\u0119d\u0105 w klubie Remplus RehaFitness ul. Katowicka 77, rusza 20 lutego (wtorek) Plan zaj\u0119\u0107; Poniedzia\u0142ki- Zdrowy Kr\u0119gos\u0142up godzina 9:00 Czwartki- Gimnastyka godzina 9:00 Pi\u0105tki -Gimnastyka godzina 9:00 Pierwszy termin dla os\u00f3b nie uczestnicz\u0105cych w zaj\u0119ciach w poprzednim semestrze:\u00a0 20 lutego [&hellip;]<\/p>\n","protected":false},"author":4,"featured_media":0,"comment_status":"open","ping_status":"open","sticky":false,"template":"","format":"standard","meta":{"footnotes":""},"categories":[3],"tags":[],"_links":{"self":[{"href":"https:\/\/trener.awf.poznan.pl\/senioralny\/wp-json\/wp\/v2\/posts\/1115"}],"collection":[{"href":"https:\/\/trener.awf.poznan.pl\/senioralny\/wp-json\/wp\/v2\/posts"}],"about":[{"href":"https:\/\/trener.awf.poznan.pl\/senioralny\/wp-json\/wp\/v2\/types\/post"}],"author":[{"embeddable":true,"href":"https:\/\/trener.awf.poznan.pl\/senioralny\/wp-json\/wp\/v2\/users\/4"}],"replies":[{"embeddable":true,"href":"https:\/\/trener.awf.poznan.pl\/senioralny\/wp-json\/wp\/v2\/comments?post=1115"}],"version-history":[{"count":1,"href":"https:\/\/trener.awf.poznan.pl\/senioralny\/wp-json\/wp\/v2\/posts\/1115\/revisions"}],"predecessor-version":[{"id":1116,"href":"https:\/\/trener.awf.poznan.pl\/senioralny\/wp-json\/wp\/v2\/posts\/1115\/revisions\/1116"}],"wp:attachment":[{"href":"https:\/\/trener.awf.poznan.pl\/senioralny\/wp-json\/wp\/v2\/media?parent=1115"}],"wp:term":[{"taxonomy":"category","embeddable":true,"href":"https:\/\/trener.awf.poznan.pl\/senioralny\/wp-json\/wp\/v2\/categories?post=1115"},{"taxonomy":"post_tag","embeddable":true,"href":"https:\/\/trener.awf.poznan.pl\/senioralny\/wp-json\/wp\/v2\/tags?post=1115"}],"curies":[{"name":"wp","href":"https:\/\/api.w.org\/{rel}","templated":true}]}}