{"id":1171,"date":"2025-02-05T13:06:00","date_gmt":"2025-02-05T12:06:00","guid":{"rendered":"https:\/\/trener.awf.poznan.pl\/senioralny\/?p=1171"},"modified":"2025-02-11T13:10:06","modified_gmt":"2025-02-11T12:10:06","slug":"operator-projektu-na-rok-2025-wyloniony","status":"publish","type":"post","link":"https:\/\/trener.awf.poznan.pl\/senioralny\/operator-projektu-na-rok-2025-wyloniony\/","title":{"rendered":"Operator projektu na rok 2025 wy\u0142oniony."},"content":{"rendered":"\n<div dir=\"auto\">Jest nam bardzo mi\u0142o przekaza\u0107 informacj\u0119 o og\u0142oszeniu wynik\u00f3w tegorocznego konkursu na realizatora projektu <span class=\"html-span xdj266r x11i5rnm xat24cr x1mh8g0r xexx8yu x4uap5 x18d9i69 xkhd6sd x1hl2dhg x16tdsg8 x1vvkbs\"><a class=\"x1i10hfl xjbqb8w x1ejq31n xd10rxx x1sy0etr x17r0tee x972fbf xcfux6l x1qhh985 xm0m39n x9f619 x1ypdohk xt0psk2 xe8uvvx xdj266r x11i5rnm xat24cr x1mh8g0r xexx8yu x4uap5 x18d9i69 xkhd6sd x16tdsg8 x1hl2dhg xggy1nq x1a2a7pz x1sur9pj xkrqix3 x1fey0fg x1s688f\" tabindex=\"0\" role=\"link\" href=\"https:\/\/www.facebook.com\/TrenerOsiedlowy?__cft__[0]=AZWGHtaYGUUR5jcpS08UL34xAVStHaVk5pgAv5dndAmewO9ufvCc1d_KW1LP6Xil_V6huGAA6ITjA4XyW5xQLIN4e1Xu44mlCWXWVanW2ld6eADEnX-cI2IgYvGUr8rnNKHGtZLYM-DRokB4Z52kH5Wo1i4jvloyrPoTsex6IUz5CcH-U903EAKYeF-4TyjHPxs&amp;__tn__=-]K-R\"><span class=\"xt0psk2\">Trener Osiedlowy AWF<\/span><\/a><\/span>, <span class=\"html-span xdj266r x11i5rnm xat24cr x1mh8g0r xexx8yu x4uap5 x18d9i69 xkhd6sd x1hl2dhg x16tdsg8 x1vvkbs\"><a class=\"x1i10hfl xjbqb8w x1ejq31n xd10rxx x1sy0etr x17r0tee x972fbf xcfux6l x1qhh985 xm0m39n x9f619 x1ypdohk xt0psk2 xe8uvvx xdj266r x11i5rnm xat24cr x1mh8g0r xexx8yu x4uap5 x18d9i69 xkhd6sd x16tdsg8 x1hl2dhg xggy1nq x1a2a7pz x1sur9pj xkrqix3 x1fey0fg x1s688f\" tabindex=\"0\" role=\"link\" href=\"https:\/\/www.facebook.com\/TrenerSenioralny?__cft__[0]=AZWGHtaYGUUR5jcpS08UL34xAVStHaVk5pgAv5dndAmewO9ufvCc1d_KW1LP6Xil_V6huGAA6ITjA4XyW5xQLIN4e1Xu44mlCWXWVanW2ld6eADEnX-cI2IgYvGUr8rnNKHGtZLYM-DRokB4Z52kH5Wo1i4jvloyrPoTsex6IUz5CcH-U903EAKYeF-4TyjHPxs&amp;__tn__=-]K-R\"><span class=\"xt0psk2\">Trener Senioralny<\/span><\/a><\/span> Jeste\u015bmy szcz\u0119\u015bliwi, \u017ce podobnie jak w ubieg\u0142ym roku <span class=\"html-span xdj266r x11i5rnm xat24cr x1mh8g0r xexx8yu x4uap5 x18d9i69 xkhd6sd x1hl2dhg x16tdsg8 x1vvkbs\"><a class=\"x1i10hfl xjbqb8w x1ejq31n xd10rxx x1sy0etr x17r0tee x972fbf xcfux6l x1qhh985 xm0m39n x9f619 x1ypdohk xt0psk2 xe8uvvx xdj266r x11i5rnm xat24cr x1mh8g0r xexx8yu x4uap5 x18d9i69 xkhd6sd x16tdsg8 x1hl2dhg xggy1nq x1a2a7pz x1sur9pj xkrqix3 x1fey0fg x1s688f\" tabindex=\"0\" role=\"link\" href=\"https:\/\/www.facebook.com\/FundacjaAWF?__cft__[0]=AZWGHtaYGUUR5jcpS08UL34xAVStHaVk5pgAv5dndAmewO9ufvCc1d_KW1LP6Xil_V6huGAA6ITjA4XyW5xQLIN4e1Xu44mlCWXWVanW2ld6eADEnX-cI2IgYvGUr8rnNKHGtZLYM-DRokB4Z52kH5Wo1i4jvloyrPoTsex6IUz5CcH-U903EAKYeF-4TyjHPxs&amp;__tn__=-]K-R\"><span class=\"xt0psk2\">Fundacja na rzecz Akademii Wychowania Fizycznego w Poznaniu<\/span><\/a><\/span> na rzecz a zosta\u0142a wybrana przez Komisj\u0119 do realizacji projektu w 2025 roku! Rekrutacja na nowe zaj\u0119cia powinna zosta\u0107 og\u0142oszona za kilka dni. Realizacj\u0119 pierwszych zaj\u0119\u0107 zaplanowali\u015bmy na ostatni tydzie\u0144 lutego.\u00a0\u00a0<\/div>\n<div dir=\"auto\">Przypominamy r\u00f3wnie\u017c nasze niezmienne zasady:<\/div>\n<div dir=\"auto\">Pierwsze\u0144stwo w zapisach NA KONKRETNE ZAJ\u0118CIA maj\u0105 osoby kt\u00f3re jeszcze nie bra\u0142y udzia\u0142u w konkretnych \u0107wiczeniach jak r\u00f3wnie\u017c osoby, kt\u00f3re nie bra\u0142y udzia\u0142u w jesiennej edycji zaj\u0119\u0107.<\/div>\n<div dir=\"auto\">W przypadku zaj\u0119\u0107 z ograniczon\u0105 liczb\u0105 miejsc, mo\u017cliwa jest trzykrotna absencja w zaj\u0119ciach, NIEZALE\u017bNIE OD PRZYCZYN Dopiero CZWARTE niepojawienie si\u0119 na zaj\u0119ciach powoduje usuni\u0119cie z listy uczestnik\u00f3w i dokooptowanie w to miejsce osoby z listy rezerwowej. (prosimy w \u017cadnym wypadku nie przynosi\u0107 za\u015bwiadcze\u0144 czy dokumentacji medycznej do prowadz\u0105cych).\u00a0<\/div>\n<div dir=\"auto\">Zapisuj\u0105c si\u0119 na zaj\u0119ciach TRZEBA wype\u0142ni\u0107 papierowe o\u015bwiadczenie wraz ze wszystkimi zgodami.<\/div>\n<div dir=\"auto\">Przy rekrutacji nale\u017cy wylegitymowa\u0107 si\u0119 WA\u017bNYM dokumentem to\u017csamo\u015bci celem weryfikacji o\u015bwiadczenia.<\/div>\n<div dir=\"auto\">Zapisy obowi\u0105zuj\u0105 na jeden semestr tj. do wakacji. Semestr jesienny rozpoczyna si\u0119 NOW\u0104 REKRUTACJA, w kt\u00f3rej pierwsze\u0144stwo zyskuj\u0105 znowu nie uczestnicz\u0105ce w poprzednim semestrze zaj\u0119\u0107 (wiosennym).<\/div>\n<div dir=\"auto\">Zapraszamy do obserwowania naszej strony.\u00a0<\/div>\n<div dir=\"auto\">#poznanwspiera<\/div>\n","protected":false},"excerpt":{"rendered":"<p>Jest nam bardzo mi\u0142o przekaza\u0107 informacj\u0119 o og\u0142oszeniu wynik\u00f3w tegorocznego konkursu na realizatora projektu Trener Osiedlowy AWF, Trener Senioralny Jeste\u015bmy szcz\u0119\u015bliwi, \u017ce podobnie jak w ubieg\u0142ym roku Fundacja na rzecz Akademii Wychowania Fizycznego w Poznaniu na rzecz a zosta\u0142a wybrana przez Komisj\u0119 do realizacji projektu w 2025 roku! Rekrutacja na nowe zaj\u0119cia powinna zosta\u0107 og\u0142oszona [&hellip;]<\/p>\n","protected":false},"author":4,"featured_media":0,"comment_status":"open","ping_status":"open","sticky":false,"template":"","format":"standard","meta":{"footnotes":""},"categories":[3],"tags":[],"_links":{"self":[{"href":"https:\/\/trener.awf.poznan.pl\/senioralny\/wp-json\/wp\/v2\/posts\/1171"}],"collection":[{"href":"https:\/\/trener.awf.poznan.pl\/senioralny\/wp-json\/wp\/v2\/posts"}],"about":[{"href":"https:\/\/trener.awf.poznan.pl\/senioralny\/wp-json\/wp\/v2\/types\/post"}],"author":[{"embeddable":true,"href":"https:\/\/trener.awf.poznan.pl\/senioralny\/wp-json\/wp\/v2\/users\/4"}],"replies":[{"embeddable":true,"href":"https:\/\/trener.awf.poznan.pl\/senioralny\/wp-json\/wp\/v2\/comments?post=1171"}],"version-history":[{"count":1,"href":"https:\/\/trener.awf.poznan.pl\/senioralny\/wp-json\/wp\/v2\/posts\/1171\/revisions"}],"predecessor-version":[{"id":1172,"href":"https:\/\/trener.awf.poznan.pl\/senioralny\/wp-json\/wp\/v2\/posts\/1171\/revisions\/1172"}],"wp:attachment":[{"href":"https:\/\/trener.awf.poznan.pl\/senioralny\/wp-json\/wp\/v2\/media?parent=1171"}],"wp:term":[{"taxonomy":"category","embeddable":true,"href":"https:\/\/trener.awf.poznan.pl\/senioralny\/wp-json\/wp\/v2\/categories?post=1171"},{"taxonomy":"post_tag","embeddable":true,"href":"https:\/\/trener.awf.poznan.pl\/senioralny\/wp-json\/wp\/v2\/tags?post=1171"}],"curies":[{"name":"wp","href":"https:\/\/api.w.org\/{rel}","templated":true}]}}