{"id":1177,"date":"2025-02-11T13:38:00","date_gmt":"2025-02-11T12:38:00","guid":{"rendered":"https:\/\/trener.awf.poznan.pl\/senioralny\/?p=1177"},"modified":"2025-02-11T14:40:05","modified_gmt":"2025-02-11T13:40:05","slug":"rekrutacja-na-zajecia-fitness-cityzen","status":"publish","type":"post","link":"https:\/\/trener.awf.poznan.pl\/senioralny\/rekrutacja-na-zajecia-fitness-cityzen\/","title":{"rendered":"Rekrutacja na zaj\u0119cia Fitness Cityzen."},"content":{"rendered":"\n<div dir=\"auto\">Prosto z obiektu <span class=\"html-span xdj266r x11i5rnm xat24cr x1mh8g0r xexx8yu x4uap5 x18d9i69 xkhd6sd x1hl2dhg x16tdsg8 x1vvkbs\"><a class=\"x1i10hfl xjbqb8w x1ejq31n xd10rxx x1sy0etr x17r0tee x972fbf xcfux6l x1qhh985 xm0m39n x9f619 x1ypdohk xt0psk2 xe8uvvx xdj266r x11i5rnm xat24cr x1mh8g0r xexx8yu x4uap5 x18d9i69 xkhd6sd x16tdsg8 x1hl2dhg xggy1nq x1a2a7pz x1sur9pj xkrqix3 x1fey0fg x1s688f\" tabindex=\"0\" role=\"link\" href=\"https:\/\/www.facebook.com\/poznanawf?__cft__[0]=AZVthDMLS3-miW5-OfsC4rMJdXw21nXxmkXz7O0OZb2XMeUfUirPaAlAJLFMy43G7yVbQ6AbKa7muuFX8i2K_F1CjCSXV2K11a9tLjY9aSXT72PKt_lzMT_JFGu8XqIjq25hd9PrSexyHwl3ku2MmdDszzL-zoF1gIHozS-DG5AZ4SUAT5meJaVOalXfLkbrMUY&amp;__tn__=-]K-R\"><span class=\"xt0psk2\">AWF Pozna\u0144 &#8211; Akademia Wychowania Fizycznego im. E. Piaseckiego w Poznaniu<\/span><\/a><\/span> na ul. Droga D\u0119bi\u0144ska 10c, to zaj\u0119cia FITNESS z <span class=\"html-span xdj266r x11i5rnm xat24cr x1mh8g0r xexx8yu x4uap5 x18d9i69 xkhd6sd x1hl2dhg x16tdsg8 x1vvkbs\"><a class=\"x1i10hfl xjbqb8w x1ejq31n xd10rxx x1sy0etr x17r0tee x972fbf xcfux6l x1qhh985 xm0m39n x9f619 x1ypdohk xt0psk2 xe8uvvx xdj266r x11i5rnm xat24cr x1mh8g0r xexx8yu x4uap5 x18d9i69 xkhd6sd x16tdsg8 x1hl2dhg xggy1nq x1a2a7pz x1sur9pj xkrqix3 x1fey0fg x1s688f\" tabindex=\"0\" role=\"link\" href=\"https:\/\/www.facebook.com\/cityzenklubsportowy?__cft__[0]=AZVthDMLS3-miW5-OfsC4rMJdXw21nXxmkXz7O0OZb2XMeUfUirPaAlAJLFMy43G7yVbQ6AbKa7muuFX8i2K_F1CjCSXV2K11a9tLjY9aSXT72PKt_lzMT_JFGu8XqIjq25hd9PrSexyHwl3ku2MmdDszzL-zoF1gIHozS-DG5AZ4SUAT5meJaVOalXfLkbrMUY&amp;__tn__=-]K-R\"><span class=\"xt0psk2\">CITYZEN<\/span><\/a><\/span> czyli JOGA, Gimnastyka oraz Indor Cycling SPINNING! Od razu bardzo prosimy nie dzwo\u0144cie na podane numery wcze\u015bniej ni\u017c podano w og\u0142oszeniu! W semestrze wiosennym zaj\u0119cia fitness odbywa\u0107 si\u0119 b\u0119d\u0105 wg. nast\u0119puj\u0105cego planu: PONIEDZIA\u0141KI: 8:45 JOGA, 9:15 Gimnastyka 11:15 JOGA, 12:15 JOGA, 12:15 Gimnastyka, 16:00 Spinning<\/div>\n<div dir=\"auto\">WTORKI: 9:15, 10:15, 11:00, 12:15, 13:15 Gimnastyka<\/div>\n<div dir=\"auto\">\u015aRODY: 11:30 JOGA<\/div>\n<div dir=\"auto\">CZWARTKI: 10:15, 12:15 Gimnastyka<\/div>\n<div dir=\"auto\">PI\u0104TKI: 10:15, 11:15, 12:15 Gimnastyka<\/div>\n<div dir=\"auto\">REKRUTACJA: PIERWSZY termin tylko dla os\u00f3b, kt\u00f3re jeszcze nie bra\u0142y udzia\u0142u w \u0107wiczeniach jak r\u00f3wnie\u017c tych os\u00f3b kt\u00f3re nie bra\u0142y udzia\u0142u w jesiennej edycji zaj\u0119\u0107- 17.02.2025 r. (poniedzia\u0142ek)<\/div>\n<div dir=\"auto\">DRUGI termin dla os\u00f3b bior\u0105cych udzia\u0142 w poprzednim semestrze zaj\u0119\u0107 (w ramach pozosta\u0142ych miejsc): 20.02.2025 r. (czwartek). Zg\u0142oszenia TYLKO telefonicznie na numery: 725 355 310, 725 355 311, 725 355 312 od otwarcia obiektu (czyli od 5:45). Nie przyjmujemy zapis\u00f3w &#8222;hurtowych&#8221;. Prosimy nie dzwoni\u0107 na podane numery przed rozpocz\u0119ciem rekrutacji! Pocz\u0105tek zaj\u0119\u0107 planowany jest na 24.02.2025 r. Przypominamy, \u017ce mo\u017cliwa jest trzykrotna absencja w zaj\u0119ciach, BEZ WZGL\u0118DU NA POW\u00d3D, nast\u0119pna nieobecno\u015b\u0107 powoduje wykre\u015blenie z listy uczestnik\u00f3w i dokooptowanie osoby z listy rezerwowej. Ka\u017cdy uczestnik musi OBOWI\u0104ZKOWO wype\u0142ni\u0107 o\u015bwiadczenie oraz okaza\u0107 wa\u017cny dow\u00f3d to\u017csamo\u015bci celem weryfikacji sk\u0142adanego o\u015bwiadczenia.<\/div>\n<div dir=\"auto\">Projekt jest w pe\u0142ni finansowany ze \u015brodk\u00f3w Wydzia\u0142u Sportu Urz\u0119du Miasto Pozna\u0144 w ramach <span class=\"html-span xdj266r x11i5rnm xat24cr x1mh8g0r xexx8yu x4uap5 x18d9i69 xkhd6sd x1hl2dhg x16tdsg8 x1vvkbs\"><a class=\"x1i10hfl xjbqb8w x1ejq31n xd10rxx x1sy0etr x17r0tee x972fbf xcfux6l x1qhh985 xm0m39n x9f619 x1ypdohk xt0psk2 xe8uvvx xdj266r x11i5rnm xat24cr x1mh8g0r xexx8yu x4uap5 x18d9i69 xkhd6sd x16tdsg8 x1hl2dhg xggy1nq x1a2a7pz x1sur9pj xkrqix3 x1fey0fg x1s688f\" tabindex=\"0\" role=\"link\" href=\"https:\/\/www.facebook.com\/BudzetObywatelskiPoznan?__cft__[0]=AZVthDMLS3-miW5-OfsC4rMJdXw21nXxmkXz7O0OZb2XMeUfUirPaAlAJLFMy43G7yVbQ6AbKa7muuFX8i2K_F1CjCSXV2K11a9tLjY9aSXT72PKt_lzMT_JFGu8XqIjq25hd9PrSexyHwl3ku2MmdDszzL-zoF1gIHozS-DG5AZ4SUAT5meJaVOalXfLkbrMUY&amp;__tn__=-]K-R\"><span class=\"xt0psk2\">Pozna\u0144ski Bud\u017cet Obywatelski<\/span><\/a><\/span> i przeznaczony jest wy\u0142\u0105cznie dla os\u00f3b na sta\u0142e mieszkaj\u0105cych na terenie Poznania, kt\u00f3re uko\u0144czy\u0142y 60 rok \u017cycia.<\/div>\n","protected":false},"excerpt":{"rendered":"<p>Prosto z obiektu AWF Pozna\u0144 &#8211; Akademia Wychowania Fizycznego im. E. Piaseckiego w Poznaniu na ul. Droga D\u0119bi\u0144ska 10c, to zaj\u0119cia FITNESS z CITYZEN czyli JOGA, Gimnastyka oraz Indor Cycling SPINNING! Od razu bardzo prosimy nie dzwo\u0144cie na podane numery wcze\u015bniej ni\u017c podano w og\u0142oszeniu! W semestrze wiosennym zaj\u0119cia fitness odbywa\u0107 si\u0119 b\u0119d\u0105 wg. nast\u0119puj\u0105cego [&hellip;]<\/p>\n","protected":false},"author":4,"featured_media":0,"comment_status":"open","ping_status":"open","sticky":false,"template":"","format":"standard","meta":{"footnotes":""},"categories":[3],"tags":[],"_links":{"self":[{"href":"https:\/\/trener.awf.poznan.pl\/senioralny\/wp-json\/wp\/v2\/posts\/1177"}],"collection":[{"href":"https:\/\/trener.awf.poznan.pl\/senioralny\/wp-json\/wp\/v2\/posts"}],"about":[{"href":"https:\/\/trener.awf.poznan.pl\/senioralny\/wp-json\/wp\/v2\/types\/post"}],"author":[{"embeddable":true,"href":"https:\/\/trener.awf.poznan.pl\/senioralny\/wp-json\/wp\/v2\/users\/4"}],"replies":[{"embeddable":true,"href":"https:\/\/trener.awf.poznan.pl\/senioralny\/wp-json\/wp\/v2\/comments?post=1177"}],"version-history":[{"count":1,"href":"https:\/\/trener.awf.poznan.pl\/senioralny\/wp-json\/wp\/v2\/posts\/1177\/revisions"}],"predecessor-version":[{"id":1178,"href":"https:\/\/trener.awf.poznan.pl\/senioralny\/wp-json\/wp\/v2\/posts\/1177\/revisions\/1178"}],"wp:attachment":[{"href":"https:\/\/trener.awf.poznan.pl\/senioralny\/wp-json\/wp\/v2\/media?parent=1177"}],"wp:term":[{"taxonomy":"category","embeddable":true,"href":"https:\/\/trener.awf.poznan.pl\/senioralny\/wp-json\/wp\/v2\/categories?post=1177"},{"taxonomy":"post_tag","embeddable":true,"href":"https:\/\/trener.awf.poznan.pl\/senioralny\/wp-json\/wp\/v2\/tags?post=1177"}],"curies":[{"name":"wp","href":"https:\/\/api.w.org\/{rel}","templated":true}]}}