{"id":1179,"date":"2025-02-11T16:07:30","date_gmt":"2025-02-11T15:07:30","guid":{"rendered":"https:\/\/trener.awf.poznan.pl\/senioralny\/?p=1179"},"modified":"2025-02-11T16:07:31","modified_gmt":"2025-02-11T15:07:31","slug":"aqua-senior-na-plywalni-posir-winogrady","status":"publish","type":"post","link":"https:\/\/trener.awf.poznan.pl\/senioralny\/aqua-senior-na-plywalni-posir-winogrady\/","title":{"rendered":"Aqua Senior na p\u0142ywalni POSIR Winogrady."},"content":{"rendered":"\n<div dir=\"auto\">Kochani Seniorzy, kto ma ochot\u0119 na \u0107wiczenia w wodzie \u0142apaka w g\u00f3r\u0119! Razem z <span class=\"html-span xdj266r x11i5rnm xat24cr x1mh8g0r xexx8yu x4uap5 x18d9i69 xkhd6sd x1hl2dhg x16tdsg8 x1vvkbs\"><a class=\"x1i10hfl xjbqb8w x1ejq31n xd10rxx x1sy0etr x17r0tee x972fbf xcfux6l x1qhh985 xm0m39n x9f619 x1ypdohk xt0psk2 xe8uvvx xdj266r x11i5rnm xat24cr x1mh8g0r xexx8yu x4uap5 x18d9i69 xkhd6sd x16tdsg8 x1hl2dhg xggy1nq x1a2a7pz x1sur9pj xkrqix3 x1fey0fg x1s688f\" tabindex=\"0\" role=\"link\" href=\"https:\/\/www.facebook.com\/posir.poznan?__cft__[0]=AZUuir-mHRexAQp-zvXOZzIL_SIKZTfAODjHzvZuaUp618zm3yjbBIlWYoQF652UyXGwbA8-CtNyZ2iI1t29VHlRwyHT9mlBjQ8AH9r7okYSqMcwP4MrOlq2F_DEU8aaqqcXt9T2wDX83y6hLnLioFAWGsNeQOZ3wCvHb9XQ9jMPzA&amp;__tn__=-]K-R\"><span class=\"xt0psk2\">Pozna\u0144skie O\u015brodki Sportu i Rekreacji<\/span><\/a><\/span> <span class=\"html-span xdj266r x11i5rnm xat24cr x1mh8g0r xexx8yu x4uap5 x18d9i69 xkhd6sd x1hl2dhg x16tdsg8 x1vvkbs\"><a class=\"x1i10hfl xjbqb8w x1ejq31n xd10rxx x1sy0etr x17r0tee x972fbf xcfux6l x1qhh985 xm0m39n x9f619 x1ypdohk xt0psk2 xe8uvvx xdj266r x11i5rnm xat24cr x1mh8g0r xexx8yu x4uap5 x18d9i69 xkhd6sd x16tdsg8 x1hl2dhg xggy1nq x1a2a7pz x1sur9pj xkrqix3 x1fey0fg x1s688f\" tabindex=\"0\" role=\"link\" href=\"https:\/\/www.facebook.com\/plywalnia.winogrady?__cft__[0]=AZUuir-mHRexAQp-zvXOZzIL_SIKZTfAODjHzvZuaUp618zm3yjbBIlWYoQF652UyXGwbA8-CtNyZ2iI1t29VHlRwyHT9mlBjQ8AH9r7okYSqMcwP4MrOlq2F_DEU8aaqqcXt9T2wDX83y6hLnLioFAWGsNeQOZ3wCvHb9XQ9jMPzA&amp;__tn__=-]K-R\"><span class=\"xt0psk2\">P\u0142ywalnia Miejska Winogrady<\/span><\/a><\/span> przygotowali\u015bmy miejsca dla przesz\u0142o 330 os\u00f3b na zaj\u0119ciach Aqua senior!<\/div>\n<div dir=\"auto\">Plan zaj\u0119\u0107:<\/div>\n<div dir=\"auto\">Poniedzia\u0142ki 8:30, 9:15<\/div>\n<div dir=\"auto\">\u015arody: 8:30, 9:15, 10:00, 10:45, 11:30<\/div>\n<div dir=\"auto\">Czwartki: 9:15, 10:00, 10:45, 11:30<\/div>\n<div dir=\"auto\">Rekrutacja wy\u0142\u0105cznie OSOBISTA:<\/div>\n<div dir=\"auto\">17 lutego 2025 r. od godziny 6:00 (otwarcie obiektu) pierwszy termin dla os\u00f3b, kt\u00f3re jeszcze nie bra\u0142y udzia\u0142u w \u0107wiczeniach jak r\u00f3wnie\u017c tych os\u00f3b, kt\u00f3re nie bra\u0142y udzia\u0142u w jesiennej edycji zaj\u0119\u0107.<\/div>\n<div dir=\"auto\">24 lutego 2025 r. &#8211; drugi termin dla os\u00f3b, kt\u00f3re bra\u0142y udzia\u0142 w poprzednim semestrze zaj\u0119\u0107 (jesiennym) w ramach pozosta\u0142ych wolnych miejsc.<\/div>\n<div dir=\"auto\">START ZAJ\u0118\u0106 planowany jest na 03.03.2025r.<\/div>\n<div dir=\"auto\">Przypominamy, \u017ce mo\u017cliwa jest trzykrotna absencja w zaj\u0119ciach, BEZ WZGL\u0118DU NA POW\u00d3D, nast\u0119pna nieobecno\u015b\u0107 powoduje wykre\u015blenie z listy uczestnik\u00f3w i dokooptowanie osoby z listy rezerwowej. Ka\u017cdy uczestnik musi OBOWI\u0104ZKOWO wype\u0142ni\u0107 o\u015bwiadczenie oraz okaza\u0107 wa\u017cny dow\u00f3d to\u017csamo\u015bci celem weryfikacji sk\u0142adanego o\u015bwiadczenia.<\/div>\n<div dir=\"auto\">Projekt jest w pe\u0142ni finansowany ze \u015brodk\u00f3w Wydzia\u0142u Sportu Urz\u0119du <span class=\"html-span xdj266r x11i5rnm xat24cr x1mh8g0r xexx8yu x4uap5 x18d9i69 xkhd6sd x1hl2dhg x16tdsg8 x1vvkbs\"><a class=\"x1i10hfl xjbqb8w x1ejq31n xd10rxx x1sy0etr x17r0tee x972fbf xcfux6l x1qhh985 xm0m39n x9f619 x1ypdohk xt0psk2 xe8uvvx xdj266r x11i5rnm xat24cr x1mh8g0r xexx8yu x4uap5 x18d9i69 xkhd6sd x16tdsg8 x1hl2dhg xggy1nq x1a2a7pz x1sur9pj xkrqix3 x1fey0fg x1s688f\" tabindex=\"0\" role=\"link\" href=\"https:\/\/www.facebook.com\/Poznan?__cft__[0]=AZUuir-mHRexAQp-zvXOZzIL_SIKZTfAODjHzvZuaUp618zm3yjbBIlWYoQF652UyXGwbA8-CtNyZ2iI1t29VHlRwyHT9mlBjQ8AH9r7okYSqMcwP4MrOlq2F_DEU8aaqqcXt9T2wDX83y6hLnLioFAWGsNeQOZ3wCvHb9XQ9jMPzA&amp;__tn__=-]K-R\"><span class=\"xt0psk2\">Miasto Pozna\u0144<\/span><\/a><\/span> w ramach <span class=\"html-span xdj266r x11i5rnm xat24cr x1mh8g0r xexx8yu x4uap5 x18d9i69 xkhd6sd x1hl2dhg x16tdsg8 x1vvkbs\"><a class=\"x1i10hfl xjbqb8w x1ejq31n xd10rxx x1sy0etr x17r0tee x972fbf xcfux6l x1qhh985 xm0m39n x9f619 x1ypdohk xt0psk2 xe8uvvx xdj266r x11i5rnm xat24cr x1mh8g0r xexx8yu x4uap5 x18d9i69 xkhd6sd x16tdsg8 x1hl2dhg xggy1nq x1a2a7pz x1sur9pj xkrqix3 x1fey0fg x1s688f\" tabindex=\"0\" role=\"link\" href=\"https:\/\/www.facebook.com\/BudzetObywatelskiPoznan?__cft__[0]=AZUuir-mHRexAQp-zvXOZzIL_SIKZTfAODjHzvZuaUp618zm3yjbBIlWYoQF652UyXGwbA8-CtNyZ2iI1t29VHlRwyHT9mlBjQ8AH9r7okYSqMcwP4MrOlq2F_DEU8aaqqcXt9T2wDX83y6hLnLioFAWGsNeQOZ3wCvHb9XQ9jMPzA&amp;__tn__=-]K-R\"><span class=\"xt0psk2\">Pozna\u0144ski Bud\u017cet Obywatelski<\/span><\/a><\/span> i przeznaczony jest wy\u0142\u0105cznie dla os\u00f3b na sta\u0142e mieszkaj\u0105cych na terenie Poznania, kt\u00f3re uko\u0144czy\u0142y 60 rok \u017cycia.<\/div>\n<div dir=\"auto\">#poznanwspiera<\/div>\n","protected":false},"excerpt":{"rendered":"<p>Kochani Seniorzy, kto ma ochot\u0119 na \u0107wiczenia w wodzie \u0142apaka w g\u00f3r\u0119! Razem z Pozna\u0144skie O\u015brodki Sportu i Rekreacji P\u0142ywalnia Miejska Winogrady przygotowali\u015bmy miejsca dla przesz\u0142o 330 os\u00f3b na zaj\u0119ciach Aqua senior! Plan zaj\u0119\u0107: Poniedzia\u0142ki 8:30, 9:15 \u015arody: 8:30, 9:15, 10:00, 10:45, 11:30 Czwartki: 9:15, 10:00, 10:45, 11:30 Rekrutacja wy\u0142\u0105cznie OSOBISTA: 17 lutego 2025 r. [&hellip;]<\/p>\n","protected":false},"author":4,"featured_media":0,"comment_status":"open","ping_status":"open","sticky":false,"template":"","format":"standard","meta":{"footnotes":""},"categories":[3],"tags":[],"_links":{"self":[{"href":"https:\/\/trener.awf.poznan.pl\/senioralny\/wp-json\/wp\/v2\/posts\/1179"}],"collection":[{"href":"https:\/\/trener.awf.poznan.pl\/senioralny\/wp-json\/wp\/v2\/posts"}],"about":[{"href":"https:\/\/trener.awf.poznan.pl\/senioralny\/wp-json\/wp\/v2\/types\/post"}],"author":[{"embeddable":true,"href":"https:\/\/trener.awf.poznan.pl\/senioralny\/wp-json\/wp\/v2\/users\/4"}],"replies":[{"embeddable":true,"href":"https:\/\/trener.awf.poznan.pl\/senioralny\/wp-json\/wp\/v2\/comments?post=1179"}],"version-history":[{"count":1,"href":"https:\/\/trener.awf.poznan.pl\/senioralny\/wp-json\/wp\/v2\/posts\/1179\/revisions"}],"predecessor-version":[{"id":1180,"href":"https:\/\/trener.awf.poznan.pl\/senioralny\/wp-json\/wp\/v2\/posts\/1179\/revisions\/1180"}],"wp:attachment":[{"href":"https:\/\/trener.awf.poznan.pl\/senioralny\/wp-json\/wp\/v2\/media?parent=1179"}],"wp:term":[{"taxonomy":"category","embeddable":true,"href":"https:\/\/trener.awf.poznan.pl\/senioralny\/wp-json\/wp\/v2\/categories?post=1179"},{"taxonomy":"post_tag","embeddable":true,"href":"https:\/\/trener.awf.poznan.pl\/senioralny\/wp-json\/wp\/v2\/tags?post=1179"}],"curies":[{"name":"wp","href":"https:\/\/api.w.org\/{rel}","templated":true}]}}