{"id":1205,"date":"2025-02-14T16:52:32","date_gmt":"2025-02-14T15:52:32","guid":{"rendered":"https:\/\/trener.awf.poznan.pl\/senioralny\/?p=1205"},"modified":"2025-02-14T16:52:33","modified_gmt":"2025-02-14T15:52:33","slug":"tenis-stolowy-dla-seniorow-tylko-z-trenerem-senioralnym","status":"publish","type":"post","link":"https:\/\/trener.awf.poznan.pl\/senioralny\/tenis-stolowy-dla-seniorow-tylko-z-trenerem-senioralnym\/","title":{"rendered":"Tenis sto\u0142owy dla Senior\u00f3w tylko z Trenerem Senioralnym!"},"content":{"rendered":"\n<div dir=\"auto\">Czy wiedzieli\u015bcie, \u017ce tenis sto\u0142owy jest jedn\u0105 z najpopularniejszych dyscyplin na \u015bwiecie, bior\u0105c pod uwag\u0119 liczb\u0119 zawodnik\u00f3w uprawiaj\u0105cych ten sport? W ka\u017cde poniedzia\u0142ki , rozpoczynaj\u0105c od 3 marca mo\u017cemy te statystyki powi\u0119kszy\u0107 na zaj\u0119ciach Tenisa Sto\u0142owego dla Senior\u00f3w!<\/div>\n<div dir=\"auto\">Zaj\u0119cia odbywa\u0107 si\u0119 b\u0119d\u0105 w Poniedzia\u0142ki o godzinie 10:30 w Domu Kultury J\u0119dru\u015b na osiedlu Armii Krajowej 101.<\/div>\n<div dir=\"auto\">Rekrutacja TELEFONICZNA pod numerem 501075507 od 17 do 20 lutego 2025 r. w godzinach od 9:00- 15:00 to pierwszy termin dla os\u00f3b kt\u00f3re jeszcze nie bra\u0142y udzia\u0142u w \u0107wiczeniach jak r\u00f3wnie\u017c tych os\u00f3b kt\u00f3re NIE bra\u0142y udzia\u0142u w jesiennej edycji zaj\u0119\u0107<\/div>\n<div dir=\"auto\">21 lutego 2025 r. od godz. 9:00 drugi termin dla dla os\u00f3b, kt\u00f3re bra\u0142y udzia\u0142 w poprzednim semestrze zaj\u0119\u0107 (jesiennym) w ramach pozosta\u0142ych wolnych miejsc.<\/div>\n<div dir=\"auto\">Start zaj\u0119\u0107 planowany jest na 3 marca.<\/div>\n\n\n\n\n","protected":false},"excerpt":{"rendered":"<p>Czy wiedzieli\u015bcie, \u017ce tenis sto\u0142owy jest jedn\u0105 z najpopularniejszych dyscyplin na \u015bwiecie, bior\u0105c pod uwag\u0119 liczb\u0119 zawodnik\u00f3w uprawiaj\u0105cych ten sport? W ka\u017cde poniedzia\u0142ki , rozpoczynaj\u0105c od 3 marca mo\u017cemy te statystyki powi\u0119kszy\u0107 na zaj\u0119ciach Tenisa Sto\u0142owego dla Senior\u00f3w! Zaj\u0119cia odbywa\u0107 si\u0119 b\u0119d\u0105 w Poniedzia\u0142ki o godzinie 10:30 w Domu Kultury J\u0119dru\u015b na osiedlu Armii Krajowej [&hellip;]<\/p>\n","protected":false},"author":4,"featured_media":0,"comment_status":"open","ping_status":"open","sticky":false,"template":"","format":"standard","meta":{"footnotes":""},"categories":[3],"tags":[],"_links":{"self":[{"href":"https:\/\/trener.awf.poznan.pl\/senioralny\/wp-json\/wp\/v2\/posts\/1205"}],"collection":[{"href":"https:\/\/trener.awf.poznan.pl\/senioralny\/wp-json\/wp\/v2\/posts"}],"about":[{"href":"https:\/\/trener.awf.poznan.pl\/senioralny\/wp-json\/wp\/v2\/types\/post"}],"author":[{"embeddable":true,"href":"https:\/\/trener.awf.poznan.pl\/senioralny\/wp-json\/wp\/v2\/users\/4"}],"replies":[{"embeddable":true,"href":"https:\/\/trener.awf.poznan.pl\/senioralny\/wp-json\/wp\/v2\/comments?post=1205"}],"version-history":[{"count":1,"href":"https:\/\/trener.awf.poznan.pl\/senioralny\/wp-json\/wp\/v2\/posts\/1205\/revisions"}],"predecessor-version":[{"id":1206,"href":"https:\/\/trener.awf.poznan.pl\/senioralny\/wp-json\/wp\/v2\/posts\/1205\/revisions\/1206"}],"wp:attachment":[{"href":"https:\/\/trener.awf.poznan.pl\/senioralny\/wp-json\/wp\/v2\/media?parent=1205"}],"wp:term":[{"taxonomy":"category","embeddable":true,"href":"https:\/\/trener.awf.poznan.pl\/senioralny\/wp-json\/wp\/v2\/categories?post=1205"},{"taxonomy":"post_tag","embeddable":true,"href":"https:\/\/trener.awf.poznan.pl\/senioralny\/wp-json\/wp\/v2\/tags?post=1205"}],"curies":[{"name":"wp","href":"https:\/\/api.w.org\/{rel}","templated":true}]}}