{"id":1262,"date":"2025-08-25T13:19:03","date_gmt":"2025-08-25T11:19:03","guid":{"rendered":"https:\/\/trener.awf.poznan.pl\/senioralny\/?p=1262"},"modified":"2025-08-25T13:19:04","modified_gmt":"2025-08-25T11:19:04","slug":"tenis-stolowy-rekrutacja-na-semestr-jesienny","status":"publish","type":"post","link":"https:\/\/trener.awf.poznan.pl\/senioralny\/tenis-stolowy-rekrutacja-na-semestr-jesienny\/","title":{"rendered":"Tenis sto\u0142owy- rekrutacja na semestr jesienny!"},"content":{"rendered":"\n<div dir=\"auto\">Zapraszamy na kolejn\u0105 rekrutacj\u0119! &#8211; Pierwsze\u0144stwo dla os\u00f3b kt\u00f3re jeszcze nie uczestniczy\u0142y w zaj\u0119ciach!<\/div>\n<div dir=\"auto\">W ka\u017cde <strong>\u015brody, rozpoczynaj\u0105c od 3 wrze\u015bnia o godzinie 10:30 do 13:30 w Domu Kultury J\u0119dru\u015b<\/strong> na osiedlu Armii Krajowej 101, odbywa\u0107 si\u0119 b\u0119d\u0105 zaj\u0119cia z tenisa sto\u0142owego.<\/div>\n<div dir=\"auto\">Rekrutacja TELEFONICZNA pod numerem 50107550701\u00a0<\/div>\n<div dir=\"auto\"><strong>1 wrze\u015bnia 2025 r. w godzinach od 11:00- 15:00 to pierwszy termin dla os\u00f3b kt\u00f3re jeszcze nie bra\u0142y udzia\u0142u w \u0107wiczeniach jak r\u00f3wnie\u017c tych os\u00f3b kt\u00f3re NIE bra\u0142y udzia\u0142u w wiosennej edycji zaj\u0119\u0107<\/strong><\/div>\n<div dir=\"auto\">2 wrze\u015bnia 2025 r. od godz. 11:00-15:00 drugi termin dla dla os\u00f3b, kt\u00f3re bra\u0142y udzia\u0142 w poprzednim semestrze zaj\u0119\u0107 (wiosennym) w ramach pozosta\u0142ych wolnych miejsc.<\/div>\n<div dir=\"auto\"><strong>EWENTUALNE PROBLEMY PRZY REKRUTACJI PROSIMY NIEZ\u0141OCZNIE ZG\u0141ASZA\u0106 POD ADRESEM MAILOWYM awftrener@gmail.com !<\/strong><\/div>\n<div dir=\"auto\">Start zaj\u0119\u0107 planowany jest na 3 wrze\u015bnia.<\/div>\n<div dir=\"auto\">Przypominamy, \u017ce mo\u017cliwa jest trzykrotna absencja w zaj\u0119ciach, BEZ WZGL\u0118DU NA POW\u00d3D, nast\u0119pna nieobecno\u015b\u0107 powoduje wykre\u015blenie z listy uczestnik\u00f3w i dokooptowanie osoby z listy rezerwowej. Ka\u017cdy uczestnik musi OBOWI\u0104ZKOWO wype\u0142ni\u0107 o\u015bwiadczenie oraz okaza\u0107 wa\u017cny dow\u00f3d to\u017csamo\u015bci celem weryfikacji sk\u0142adanego o\u015bwiadczenia.<\/div>\n<div dir=\"auto\">\u00a0<\/div>\n","protected":false},"excerpt":{"rendered":"<p>Zapraszamy na kolejn\u0105 rekrutacj\u0119! &#8211; Pierwsze\u0144stwo dla os\u00f3b kt\u00f3re jeszcze nie uczestniczy\u0142y w zaj\u0119ciach! W ka\u017cde \u015brody, rozpoczynaj\u0105c od 3 wrze\u015bnia o godzinie 10:30 do 13:30 w Domu Kultury J\u0119dru\u015b na osiedlu Armii Krajowej 101, odbywa\u0107 si\u0119 b\u0119d\u0105 zaj\u0119cia z tenisa sto\u0142owego. Rekrutacja TELEFONICZNA pod numerem 50107550701\u00a0 1 wrze\u015bnia 2025 r. w godzinach od 11:00- [&hellip;]<\/p>\n","protected":false},"author":4,"featured_media":0,"comment_status":"open","ping_status":"open","sticky":false,"template":"","format":"standard","meta":{"footnotes":""},"categories":[3,1],"tags":[],"_links":{"self":[{"href":"https:\/\/trener.awf.poznan.pl\/senioralny\/wp-json\/wp\/v2\/posts\/1262"}],"collection":[{"href":"https:\/\/trener.awf.poznan.pl\/senioralny\/wp-json\/wp\/v2\/posts"}],"about":[{"href":"https:\/\/trener.awf.poznan.pl\/senioralny\/wp-json\/wp\/v2\/types\/post"}],"author":[{"embeddable":true,"href":"https:\/\/trener.awf.poznan.pl\/senioralny\/wp-json\/wp\/v2\/users\/4"}],"replies":[{"embeddable":true,"href":"https:\/\/trener.awf.poznan.pl\/senioralny\/wp-json\/wp\/v2\/comments?post=1262"}],"version-history":[{"count":1,"href":"https:\/\/trener.awf.poznan.pl\/senioralny\/wp-json\/wp\/v2\/posts\/1262\/revisions"}],"predecessor-version":[{"id":1263,"href":"https:\/\/trener.awf.poznan.pl\/senioralny\/wp-json\/wp\/v2\/posts\/1262\/revisions\/1263"}],"wp:attachment":[{"href":"https:\/\/trener.awf.poznan.pl\/senioralny\/wp-json\/wp\/v2\/media?parent=1262"}],"wp:term":[{"taxonomy":"category","embeddable":true,"href":"https:\/\/trener.awf.poznan.pl\/senioralny\/wp-json\/wp\/v2\/categories?post=1262"},{"taxonomy":"post_tag","embeddable":true,"href":"https:\/\/trener.awf.poznan.pl\/senioralny\/wp-json\/wp\/v2\/tags?post=1262"}],"curies":[{"name":"wp","href":"https:\/\/api.w.org\/{rel}","templated":true}]}}