{"id":1283,"date":"2025-09-04T15:55:15","date_gmt":"2025-09-04T13:55:15","guid":{"rendered":"https:\/\/trener.awf.poznan.pl\/senioralny\/?p=1283"},"modified":"2025-09-04T15:55:17","modified_gmt":"2025-09-04T13:55:17","slug":"oglaszamy-rekrutacje-na-zajecia-gimnstyka-60-oraz-rozciaganie-w-cim-przy-ulicy-rumcajsa-2a-lawica","status":"publish","type":"post","link":"https:\/\/trener.awf.poznan.pl\/senioralny\/oglaszamy-rekrutacje-na-zajecia-gimnstyka-60-oraz-rozciaganie-w-cim-przy-ulicy-rumcajsa-2a-lawica\/","title":{"rendered":"Og\u0142aszamy rekrutacj\u0119 na zaj\u0119cia Gimnstyka 60+ oraz Rozci\u0105ganie\u00a0w CIM przy ulicy Rumcajsa 2a (\u0141awica)"},"content":{"rendered":"\n<p dir=\"ltr\">Zaj\u0119cia b\u0119d\u0105 odbywa\u0107\u00a0 si\u0119 w CIM przy ulicy Rumcajsa 2a, pocz\u0105wszy od 16 wrze\u015bnia wed\u0142ug nast\u0119puj\u0105cego planu :<\/p>\n<p dir=\"ltr\">Wtorki 17:00 &#8211; Rozci\u0105ganie<\/p>\n<p dir=\"ltr\">Wtorki 18:00 &#8211; Rozci\u0105ganie<\/p>\n<p dir=\"ltr\">\u015arody 11.30 &#8211; Gimnastyka 60+<\/p>\n<p dir=\"ltr\">Zapisy odbywa\u0107 si\u0119 b\u0119d\u0105 w :<\/p>\n<p dir=\"ltr\"><strong>08.09.2025r. (poniedzia\u0142ek) w godzinach od 08:00- 14:00 to pierwszy termin dla os\u00f3b kt\u00f3re jeszcze nie bra\u0142y udzia\u0142u w \u0107wiczeniach jak r\u00f3wnie\u017c tych os\u00f3b kt\u00f3re NIE bra\u0142y udzia\u0142u w wiosennej edycji zaj\u0119\u0107<\/strong><\/p>\n<p dir=\"ltr\">oraz<\/p>\n<p dir=\"ltr\"><strong>09.09.2025r. (wtorek) od godz. 08:00-14:00 drugi termin dla dla os\u00f3b, kt\u00f3re bra\u0142y udzia\u0142 w poprzednim semestrze zaj\u0119\u0107 (wiosennym) w ramach pozosta\u0142ych wolnych miejsc.<\/strong><\/p>\n<p dir=\"ltr\">Zg\u0142oszenia w formie SMS lub telefonicznie pod nr tel :<\/p>\n<p dir=\"ltr\">512 325 707\u00a0 Nale\u017cy poda\u0107 imi\u0119 ,nazwisko ,numer telefonu , rodzaj ,dzie\u0144 i godzin\u0119 zaj\u0119\u0107.<\/p>\n<p dir=\"ltr\"><strong>Nie przyjmujemy zapis\u00f3w &#8222;hurtowych&#8221;. Prosimy nie dzwoni\u0107 na podany numery przed rozpocz\u0119ciem rekrutacji a SMS-y wys\u0142ane przed oficjaln\u0105 godzin\u0105 rozpocz\u0119cia rekrutacji pozostan\u0105 bez rozpatrzenia.\u00a0<\/strong><\/p>\n<div dir=\"auto\">Przypominamy, \u017ce mo\u017cliwa jest trzykrotna absencja w zaj\u0119ciach, BEZ WZGL\u0118DU NA POW\u00d3D, nast\u0119pna nieobecno\u015b\u0107 powoduje wykre\u015blenie z listy uczestnik\u00f3w i dokooptowanie osoby z listy rezerwowej. Ka\u017cdy uczestnik musi OBOWI\u0104ZKOWO wype\u0142ni\u0107 o\u015bwiadczenie oraz okaza\u0107 wa\u017cny dow\u00f3d to\u017csamo\u015bci celem weryfikacji sk\u0142adanego o\u015bwiadczenia.<\/div>\n<div dir=\"auto\">\u00a0<\/div>\n<div dir=\"auto\">Projekt jest w pe\u0142ni finansowany ze \u015brodk\u00f3w Wydzia\u0142u Sportu Urz\u0119du Miasto Pozna\u0144 w ramach Pozna\u0144ski Bud\u017cet Obywatelski i przeznaczony jest wy\u0142\u0105cznie dla os\u00f3b na sta\u0142e mieszkaj\u0105cych na terenie Poznania.<\/div>\n<div dir=\"auto\"><span class=\"html-span xdj266r x14z9mp xat24cr x1lziwak xexx8yu xyri2b x18d9i69 x1c1uobl x1hl2dhg x16tdsg8 x1vvkbs\"><a class=\"x1i10hfl xjbqb8w x1ejq31n x18oe1m7 x1sy0etr xstzfhl x972fbf x10w94by x1qhh985 x14e42zd x9f619 x1ypdohk xt0psk2 x3ct3a4 xdj266r x14z9mp xat24cr x1lziwak xexx8yu xyri2b x18d9i69 x1c1uobl x16tdsg8 x1hl2dhg xggy1nq x1a2a7pz xkrqix3 x1sur9pj x1fey0fg x1s688f\" tabindex=\"0\" role=\"link\" href=\"https:\/\/www.facebook.com\/hashtag\/poznanwspiera?__eep__=6&amp;__cft__[0]=AZUlxJtqaiGR9BZpLY6UsNsD76ZhVioVXwG6W__EbSGi94QHxsXQPSZONFsSAdOoh44CeW1qzRvob1BrceSm6PU1BOjpqZpYEH_xKi3xcSFxnftWZ4SYfr82Bsa0vo4dYMYhK3bch8Ng65XXLUmbRHi53eZdZ7BGFiQ_HyYvSqABdE6Lfkqhv2TU2d0ObomMUOc&amp;__tn__=*NK-R\">#poznanwspiera<\/a><\/span><\/div>\n<div>\u00a0<\/div>\n","protected":false},"excerpt":{"rendered":"<p>Zaj\u0119cia b\u0119d\u0105 odbywa\u0107\u00a0 si\u0119 w CIM przy ulicy Rumcajsa 2a, pocz\u0105wszy od 16 wrze\u015bnia wed\u0142ug nast\u0119puj\u0105cego planu : Wtorki 17:00 &#8211; Rozci\u0105ganie Wtorki 18:00 &#8211; Rozci\u0105ganie \u015arody 11.30 &#8211; Gimnastyka 60+ Zapisy odbywa\u0107 si\u0119 b\u0119d\u0105 w : 08.09.2025r. (poniedzia\u0142ek) w godzinach od 08:00- 14:00 to pierwszy termin dla os\u00f3b kt\u00f3re jeszcze nie bra\u0142y udzia\u0142u w [&hellip;]<\/p>\n","protected":false},"author":4,"featured_media":0,"comment_status":"open","ping_status":"open","sticky":false,"template":"","format":"standard","meta":{"footnotes":""},"categories":[3,1],"tags":[],"_links":{"self":[{"href":"https:\/\/trener.awf.poznan.pl\/senioralny\/wp-json\/wp\/v2\/posts\/1283"}],"collection":[{"href":"https:\/\/trener.awf.poznan.pl\/senioralny\/wp-json\/wp\/v2\/posts"}],"about":[{"href":"https:\/\/trener.awf.poznan.pl\/senioralny\/wp-json\/wp\/v2\/types\/post"}],"author":[{"embeddable":true,"href":"https:\/\/trener.awf.poznan.pl\/senioralny\/wp-json\/wp\/v2\/users\/4"}],"replies":[{"embeddable":true,"href":"https:\/\/trener.awf.poznan.pl\/senioralny\/wp-json\/wp\/v2\/comments?post=1283"}],"version-history":[{"count":1,"href":"https:\/\/trener.awf.poznan.pl\/senioralny\/wp-json\/wp\/v2\/posts\/1283\/revisions"}],"predecessor-version":[{"id":1284,"href":"https:\/\/trener.awf.poznan.pl\/senioralny\/wp-json\/wp\/v2\/posts\/1283\/revisions\/1284"}],"wp:attachment":[{"href":"https:\/\/trener.awf.poznan.pl\/senioralny\/wp-json\/wp\/v2\/media?parent=1283"}],"wp:term":[{"taxonomy":"category","embeddable":true,"href":"https:\/\/trener.awf.poznan.pl\/senioralny\/wp-json\/wp\/v2\/categories?post=1283"},{"taxonomy":"post_tag","embeddable":true,"href":"https:\/\/trener.awf.poznan.pl\/senioralny\/wp-json\/wp\/v2\/tags?post=1283"}],"curies":[{"name":"wp","href":"https:\/\/api.w.org\/{rel}","templated":true}]}}