{"id":1289,"date":"2025-09-11T13:50:00","date_gmt":"2025-09-11T11:50:00","guid":{"rendered":"https:\/\/trener.awf.poznan.pl\/senioralny\/?p=1289"},"modified":"2025-09-13T16:59:53","modified_gmt":"2025-09-13T14:59:53","slug":"zajecia-taneczne-dla-seniorow-rekrutacja-na-semestr-jesienny","status":"publish","type":"post","link":"https:\/\/trener.awf.poznan.pl\/senioralny\/zajecia-taneczne-dla-seniorow-rekrutacja-na-semestr-jesienny\/","title":{"rendered":"Zaj\u0119cia taneczne dla Senior\u00f3w- rekrutacja na semestr jesienny!"},"content":{"rendered":"\n<p>UWAGA! Rozpoczynamy rekrutacj\u0119 na semestr jesienny na zaj\u0119\u0107 tanecznych dla senior\u00f3w w TROPS-e. Przygotowali\u015bmy, dla Was 45 wolnych miejsc! <br \/>Plan zaj\u0119\u0107: Dzie\u0144 tygodnia pi\u0105tek: 8.00, 9.00, 10.00<br \/>Rekrutacja wy\u0142\u0105cznie email newtona@fitnessmaestro.pl\u00a0w dniach:<br \/><strong>15 wrze\u015bnia 2025 r. od godziny 9.00 pierwszy termin dla os\u00f3b, kt\u00f3re jeszcze nie bra\u0142y udzia\u0142u w \u0107wiczeniach jak r\u00f3wnie\u017c os\u00f3b b\u0119d\u0105cych dotychczas na li\u015bcie rezerwowej.<\/strong><br \/>16 wrze\u015bnia 2025 r. \u2013 drugi termin dla os\u00f3b, kt\u00f3re bra\u0142y udzia\u0142 w poprzednim semestrze zaj\u0119\u0107 w ramach pozosta\u0142ych wolnych miejsc.<\/p>\n<p>Potwierdzenie zakwalifikowania nast\u0105pi w formie.- mailowej<br \/>START ZAJ\u0118\u0106: 3 pa\u017adziernika 2025r.\u00a0<\/p>\n","protected":false},"excerpt":{"rendered":"<p>UWAGA! Rozpoczynamy rekrutacj\u0119 na semestr jesienny na zaj\u0119\u0107 tanecznych dla senior\u00f3w w TROPS-e. Przygotowali\u015bmy, dla Was 45 wolnych miejsc! Plan zaj\u0119\u0107: Dzie\u0144 tygodnia pi\u0105tek: 8.00, 9.00, 10.00Rekrutacja wy\u0142\u0105cznie email newtona@fitnessmaestro.pl\u00a0w dniach:15 wrze\u015bnia 2025 r. od godziny 9.00 pierwszy termin dla os\u00f3b, kt\u00f3re jeszcze nie bra\u0142y udzia\u0142u w \u0107wiczeniach jak r\u00f3wnie\u017c os\u00f3b b\u0119d\u0105cych dotychczas na li\u015bcie [&hellip;]<\/p>\n","protected":false},"author":4,"featured_media":0,"comment_status":"open","ping_status":"open","sticky":false,"template":"","format":"standard","meta":{"footnotes":""},"categories":[3,1],"tags":[],"_links":{"self":[{"href":"https:\/\/trener.awf.poznan.pl\/senioralny\/wp-json\/wp\/v2\/posts\/1289"}],"collection":[{"href":"https:\/\/trener.awf.poznan.pl\/senioralny\/wp-json\/wp\/v2\/posts"}],"about":[{"href":"https:\/\/trener.awf.poznan.pl\/senioralny\/wp-json\/wp\/v2\/types\/post"}],"author":[{"embeddable":true,"href":"https:\/\/trener.awf.poznan.pl\/senioralny\/wp-json\/wp\/v2\/users\/4"}],"replies":[{"embeddable":true,"href":"https:\/\/trener.awf.poznan.pl\/senioralny\/wp-json\/wp\/v2\/comments?post=1289"}],"version-history":[{"count":1,"href":"https:\/\/trener.awf.poznan.pl\/senioralny\/wp-json\/wp\/v2\/posts\/1289\/revisions"}],"predecessor-version":[{"id":1290,"href":"https:\/\/trener.awf.poznan.pl\/senioralny\/wp-json\/wp\/v2\/posts\/1289\/revisions\/1290"}],"wp:attachment":[{"href":"https:\/\/trener.awf.poznan.pl\/senioralny\/wp-json\/wp\/v2\/media?parent=1289"}],"wp:term":[{"taxonomy":"category","embeddable":true,"href":"https:\/\/trener.awf.poznan.pl\/senioralny\/wp-json\/wp\/v2\/categories?post=1289"},{"taxonomy":"post_tag","embeddable":true,"href":"https:\/\/trener.awf.poznan.pl\/senioralny\/wp-json\/wp\/v2\/tags?post=1289"}],"curies":[{"name":"wp","href":"https:\/\/api.w.org\/{rel}","templated":true}]}}