{"id":1292,"date":"2025-09-22T20:29:21","date_gmt":"2025-09-22T18:29:21","guid":{"rendered":"https:\/\/trener.awf.poznan.pl\/senioralny\/?p=1292"},"modified":"2025-09-22T20:29:22","modified_gmt":"2025-09-22T18:29:22","slug":"uwaga-nowosc-rozpoczynamy-rekrutacje-na-zajecia-joga-oraz-barre-w-przystan-joga-zegrze","status":"publish","type":"post","link":"https:\/\/trener.awf.poznan.pl\/senioralny\/uwaga-nowosc-rozpoczynamy-rekrutacje-na-zajecia-joga-oraz-barre-w-przystan-joga-zegrze\/","title":{"rendered":"UWAGA NOWO\u015a\u0106! Rozpoczynamy rekrutacj\u0119 na zaj\u0119cia: JOGA oraz BARRE w Przysta\u0144 Joga (\u017begrze)."},"content":{"rendered":"\n<p>Przygotowali\u015bmy dla Was dwa rodzaje zaj\u0119\u0107 z limitowan\u0105 ilo\u015bci\u0105 miejsc &#8211; JOGA 20 os\u00f3b, BARRE 12 os\u00f3b w Studio JOGI Przysta\u0144 ul. Zwierzchowskiego 27, Pozna\u0144.\u00a0<br \/>Plan zaj\u0119\u0107:<br \/><strong>Poniedzia\u0142ek 11:00 JOGA (20 os.)<\/strong><br \/><strong>\u015aroda 11:00 BARRE (12 os)<\/strong><br \/>Rekrutacja od 25 WRZE\u015aNIA (od godziny 8:00 do 16:00) <strong>wy\u0142\u0105cznie poprzez SMS<\/strong> zawieraj\u0105cy imi\u0119 nazwisko oraz wybrane zaj\u0119cia na numer 570 291 550. <strong>PROSIMY NIE DZWONI\u0106 NA NUMER<\/strong>! SMS-y wys\u0142ane przed rozpocz\u0119ciem rekrutacji nie b\u0119d\u0105 brane pod uwag\u0119. <br \/>O zapisach decyduje kolejno\u015b\u0107 zg\u0142osze\u0144 &#8211; ka\u017cda osoba kt\u00f3ra wy\u015ble SMS otrzyma informacje zwrotn\u0105 o zapisaniu lub niezapisaniu w przypadku braku miejsc.<br \/><strong>START ZAJ\u0118\u0106 od 06.10.2025 r.<\/strong><br \/>Przypominamy, \u017ce mo\u017cliwa jest trzykrotna absencja w zaj\u0119ciach, BEZ WZGL\u0118DU NA POW\u00d3D, nast\u0119pna nieobecno\u015b\u0107 powoduje wykre\u015blenie z listy uczestnik\u00f3w i dokooptowanie osoby z listy rezerwowej. Ka\u017cdy uczestnik musi OBOWI\u0104ZKOWO wype\u0142ni\u0107 o\u015bwiadczenie oraz okaza\u0107 wa\u017cny dow\u00f3d to\u017csamo\u015bci celem weryfikacji sk\u0142adanego o\u015bwiadczenia.<br \/>Projekt jest w pe\u0142ni finansowany ze \u015brodk\u00f3w Wydzia\u0142u Sportu Urz\u0119du <span class=\"xv78j7m\" spellcheck=\"false\">Miasto Pozna\u0144<\/span> w ramach <span class=\"xv78j7m\" spellcheck=\"false\">Pozna\u0144ski Bud\u017cet Obywatelski<\/span> i przeznaczony jest wy\u0142\u0105cznie dla os\u00f3b na sta\u0142e mieszkaj\u0105cych na terenie Poznania.<\/p>\n","protected":false},"excerpt":{"rendered":"<p>Przygotowali\u015bmy dla Was dwa rodzaje zaj\u0119\u0107 z limitowan\u0105 ilo\u015bci\u0105 miejsc &#8211; JOGA 20 os\u00f3b, BARRE 12 os\u00f3b w Studio JOGI Przysta\u0144 ul. Zwierzchowskiego 27, Pozna\u0144.\u00a0Plan zaj\u0119\u0107:Poniedzia\u0142ek 11:00 JOGA (20 os.)\u015aroda 11:00 BARRE (12 os)Rekrutacja od 25 WRZE\u015aNIA (od godziny 8:00 do 16:00) wy\u0142\u0105cznie poprzez SMS zawieraj\u0105cy imi\u0119 nazwisko oraz wybrane zaj\u0119cia na numer 570 291 [&hellip;]<\/p>\n","protected":false},"author":4,"featured_media":0,"comment_status":"open","ping_status":"open","sticky":false,"template":"","format":"standard","meta":{"footnotes":""},"categories":[3,1],"tags":[],"_links":{"self":[{"href":"https:\/\/trener.awf.poznan.pl\/senioralny\/wp-json\/wp\/v2\/posts\/1292"}],"collection":[{"href":"https:\/\/trener.awf.poznan.pl\/senioralny\/wp-json\/wp\/v2\/posts"}],"about":[{"href":"https:\/\/trener.awf.poznan.pl\/senioralny\/wp-json\/wp\/v2\/types\/post"}],"author":[{"embeddable":true,"href":"https:\/\/trener.awf.poznan.pl\/senioralny\/wp-json\/wp\/v2\/users\/4"}],"replies":[{"embeddable":true,"href":"https:\/\/trener.awf.poznan.pl\/senioralny\/wp-json\/wp\/v2\/comments?post=1292"}],"version-history":[{"count":1,"href":"https:\/\/trener.awf.poznan.pl\/senioralny\/wp-json\/wp\/v2\/posts\/1292\/revisions"}],"predecessor-version":[{"id":1293,"href":"https:\/\/trener.awf.poznan.pl\/senioralny\/wp-json\/wp\/v2\/posts\/1292\/revisions\/1293"}],"wp:attachment":[{"href":"https:\/\/trener.awf.poznan.pl\/senioralny\/wp-json\/wp\/v2\/media?parent=1292"}],"wp:term":[{"taxonomy":"category","embeddable":true,"href":"https:\/\/trener.awf.poznan.pl\/senioralny\/wp-json\/wp\/v2\/categories?post=1292"},{"taxonomy":"post_tag","embeddable":true,"href":"https:\/\/trener.awf.poznan.pl\/senioralny\/wp-json\/wp\/v2\/tags?post=1292"}],"curies":[{"name":"wp","href":"https:\/\/api.w.org\/{rel}","templated":true}]}}