{"id":1332,"date":"2026-02-18T09:30:10","date_gmt":"2026-02-18T08:30:10","guid":{"rendered":"https:\/\/trener.awf.poznan.pl\/senioralny\/?p=1332"},"modified":"2026-02-18T10:25:50","modified_gmt":"2026-02-18T09:25:50","slug":"zajecia-taneczno-gimnastyczne-w-ack-trops","status":"publish","type":"post","link":"https:\/\/trener.awf.poznan.pl\/senioralny\/zajecia-taneczno-gimnastyczne-w-ack-trops\/","title":{"rendered":"Zaj\u0119cia taneczno-gimnastyczne w ACK Trops."},"content":{"rendered":"\n<p>Rozpoczynamy rekrutacj\u0119 na semestr jesienny na <strong>zaj\u0119cia taneczno-gimnastyczne<\/strong>, kt\u00f3re prowadzone b\u0119d\u0105 w <span class=\"xv78j7m\" spellcheck=\"false\">Akademickim Centrum Kultury<strong> TROPS<\/strong>, ul. \u015bw Rocha 9a<\/span><\/p>\n<p>Przygotowali\u015bmy, dla Was \u0142\u0105cznie 60 miejsc<br \/>Plan zaj\u0119\u0107:<br \/>Pi\u0105tek 8.15<br \/>Pi\u0105tek 9.15<br \/>Pi\u0105tek 10.15<br \/>Rekrutacja WY\u0141\u0104CZNIE MAILOWA! <br \/><strong>23.02.2026 r. od godziny 9.00<\/strong> (MAILE WYS\u0141ANE WCZE\u015aNIEJ NIE B\u0118D\u0104 ROZPATRYWANE) pierwszy termin dla os\u00f3b, kt\u00f3re jeszcze nie bra\u0142y udzia\u0142u w \u0107wiczeniach jak r\u00f3wnie\u017c os\u00f3b b\u0119d\u0105cych dotychczas na li\u015bcie rezerwowej.<br \/>24.02.2026 r. \u2013 drugi termin dla dla os\u00f3b, kt\u00f3re bra\u0142y udzia\u0142 w poprzednim semestrze zaj\u0119\u0107 w ramach pozosta\u0142ych wolnych miejsc.<br \/>Potwierdzenie zakwalifikowania nast\u0105pi w formie odpowiedzi zwrotnej na skrzynk\u0119 mailow\u0105.<br \/>Rekrutacja- adres email: newtona@fitnessmaestro.pl<br \/>START ZAJ\u0118\u0106 06.03.2026 r.<br \/>Przypominamy, \u017ce nie przyjmujemy zapis\u00f3w \u201ehurtowych\u201d oraz \u017ce mo\u017cliwa jest trzykrotna absencja w zaj\u0119ciach, BEZ WZGL\u0118DU NA POW\u00d3D. Nast\u0119pna nieobecno\u015b\u0107 powoduje wykre\u015blenie z listy uczestnik\u00f3w i dokooptowanie osoby z listy rezerwowej. Ka\u017cdy uczestnik musi obowi\u0105zkowo wypisa\u0107 o\u015bwiadczenie oraz okaza\u0107 wa\u017cny dow\u00f3d to\u017csamo\u015bci celem weryfikacji sk\u0142adanego o\u015bwiadczenie. Projekt jest w pe\u0142ni finansowany ze \u015brodk\u00f3w Wydzia\u0142u Sportu Urz\u0119du <span class=\"xv78j7m\" spellcheck=\"false\">Miasto Pozna\u0144<\/span> i przeznaczony jest wy\u0142\u0105cznie dla os\u00f3b na sta\u0142e mieszkaj\u0105cych na terenie Poznania.<\/p>\n\n\n","protected":false},"excerpt":{"rendered":"<p>Rozpoczynamy rekrutacj\u0119 na semestr jesienny na zaj\u0119cia taneczno-gimnastyczne, kt\u00f3re prowadzone b\u0119d\u0105 w Akademickim Centrum Kultury TROPS, ul. \u015bw Rocha 9a Przygotowali\u015bmy, dla Was \u0142\u0105cznie 60 miejscPlan zaj\u0119\u0107:Pi\u0105tek 8.15Pi\u0105tek 9.15Pi\u0105tek 10.15Rekrutacja WY\u0141\u0104CZNIE MAILOWA! 23.02.2026 r. od godziny 9.00 (MAILE WYS\u0141ANE WCZE\u015aNIEJ NIE B\u0118D\u0104 ROZPATRYWANE) pierwszy termin dla os\u00f3b, kt\u00f3re jeszcze nie bra\u0142y udzia\u0142u w \u0107wiczeniach jak [&hellip;]<\/p>\n","protected":false},"author":4,"featured_media":0,"comment_status":"open","ping_status":"open","sticky":false,"template":"","format":"standard","meta":{"footnotes":""},"categories":[3],"tags":[],"_links":{"self":[{"href":"https:\/\/trener.awf.poznan.pl\/senioralny\/wp-json\/wp\/v2\/posts\/1332"}],"collection":[{"href":"https:\/\/trener.awf.poznan.pl\/senioralny\/wp-json\/wp\/v2\/posts"}],"about":[{"href":"https:\/\/trener.awf.poznan.pl\/senioralny\/wp-json\/wp\/v2\/types\/post"}],"author":[{"embeddable":true,"href":"https:\/\/trener.awf.poznan.pl\/senioralny\/wp-json\/wp\/v2\/users\/4"}],"replies":[{"embeddable":true,"href":"https:\/\/trener.awf.poznan.pl\/senioralny\/wp-json\/wp\/v2\/comments?post=1332"}],"version-history":[{"count":2,"href":"https:\/\/trener.awf.poznan.pl\/senioralny\/wp-json\/wp\/v2\/posts\/1332\/revisions"}],"predecessor-version":[{"id":1336,"href":"https:\/\/trener.awf.poznan.pl\/senioralny\/wp-json\/wp\/v2\/posts\/1332\/revisions\/1336"}],"wp:attachment":[{"href":"https:\/\/trener.awf.poznan.pl\/senioralny\/wp-json\/wp\/v2\/media?parent=1332"}],"wp:term":[{"taxonomy":"category","embeddable":true,"href":"https:\/\/trener.awf.poznan.pl\/senioralny\/wp-json\/wp\/v2\/categories?post=1332"},{"taxonomy":"post_tag","embeddable":true,"href":"https:\/\/trener.awf.poznan.pl\/senioralny\/wp-json\/wp\/v2\/tags?post=1332"}],"curies":[{"name":"wp","href":"https:\/\/api.w.org\/{rel}","templated":true}]}}