{"id":1334,"date":"2026-02-18T10:24:09","date_gmt":"2026-02-18T09:24:09","guid":{"rendered":"https:\/\/trener.awf.poznan.pl\/senioralny\/?p=1334"},"modified":"2026-02-18T10:24:10","modified_gmt":"2026-02-18T09:24:10","slug":"rekrutacja-na-semestr-wiosenny-na-zajecia-aquasenior-w-plywalni-uniwersyteckiej-uam","status":"publish","type":"post","link":"https:\/\/trener.awf.poznan.pl\/senioralny\/rekrutacja-na-semestr-wiosenny-na-zajecia-aquasenior-w-plywalni-uniwersyteckiej-uam\/","title":{"rendered":"Rekrutacja na semestr wiosenny na zaj\u0119cia AQUASENIOR w P\u0142ywalni Uniwersyteckiej UAM"},"content":{"rendered":"\n<p>Rozpoczynamy rekrutacj\u0119 na semestr jesienny na zaj\u0119cia: AQUASENIOR w <span class=\"xv78j7m\" spellcheck=\"false\">P\u0142ywalni Uniwersyteckiej UAM- Stra\u017cewicza 21, 61-601 Pozna\u0144 (Morasko). Na semestr wiosenny p<\/span>rzygotowali\u015bmy, dla Was a\u017c 150 wolnych miejsc! <br \/>Plan zaj\u0119\u0107:<br \/>\u015aroda 9:30-10:15<br \/>\u015aroda 10:15-11:00<br \/>Pi\u0105tek 8:45-9:30<br \/>Pi\u0105tek 9:30-10:15<br \/>Pi\u0105tek 10:15-11:00<br \/>Rekrutacja wy\u0142\u0105cznie SMS-owa w dniach:<br \/>23.02.2026 r. od godziny 12:00 (SMS-y wys\u0142ane przed podan\u0105 godzin\u0105 nie b\u0119d\u0105 rozpatrywane) pierwszy termin dla os\u00f3b, kt\u00f3re jeszcze nie bra\u0142y udzia\u0142u w \u0107wiczeniach jak r\u00f3wnie\u017c os\u00f3b b\u0119d\u0105cych dotychczas na li\u015bcie rezerwowej.<br \/>27.02.2026 r. \u2013 od godziny 12:00 (SMS-y wys\u0142ane przed podan\u0105 godzin\u0105 nie b\u0119d\u0105 rozpatrywane) drugi termin dla dla os\u00f3b, kt\u00f3re bra\u0142y udzia\u0142 w poprzednim semestrze zaj\u0119\u0107 w ramach pozosta\u0142ych wolnych miejsc.<br \/>SMS na numer 606813909 (prosimy nie dzwoni\u0107!).<br \/>Potwierdzeniem wpisania na list\u0119 uczestnik\u00f3w b\u0119dzie SMS zwrotny. W sms prosz\u0119 o podanie imienia i nazwiska uczestnika oraz wybranego dnia i godziny zaj\u0119\u0107. W jednym sms mo\u017cna zg\u0142osi\u0107 tylko 1 osob\u0119 (wyj\u0105tek stanowi\u0105 ma\u0142\u017ce\u0144stwa). <br \/>Termin rozpocz\u0119cia zaj\u0119\u0107: 4.03.2026 r.<br \/>Przypominamy, \u017ce mo\u017cliwa jest trzykrotna absencja w zaj\u0119ciach, BEZ WZGL\u0118DU NA POW\u00d3D. Nast\u0119pna nieobecno\u015b\u0107 powoduje wykre\u015blenie z listy uczestnik\u00f3w i dokooptowanie osoby z listy rezerwowej. Ka\u017cdy uczestnik musi obowi\u0105zkowo wypisa\u0107 o\u015bwiadczenie oraz okaza\u0107 wa\u017cny dow\u00f3d to\u017csamo\u015bci celem weryfikacji sk\u0142adanego o\u015bwiadczenie. Projekt jest w pe\u0142ni finansowany ze \u015brodk\u00f3w Wydzia\u0142u Sportu Urz\u0119du <span class=\"xv78j7m\" spellcheck=\"false\">Miasta Poznania<\/span> i przeznaczony jest wy\u0142\u0105cznie dla os\u00f3b na sta\u0142e mieszkaj\u0105cych na terenie Poznania.\u00a0<\/p>\n<p>#poznanwspiera<\/p>\n","protected":false},"excerpt":{"rendered":"<p>Rozpoczynamy rekrutacj\u0119 na semestr jesienny na zaj\u0119cia: AQUASENIOR w P\u0142ywalni Uniwersyteckiej UAM- Stra\u017cewicza 21, 61-601 Pozna\u0144 (Morasko). Na semestr wiosenny przygotowali\u015bmy, dla Was a\u017c 150 wolnych miejsc! Plan zaj\u0119\u0107:\u015aroda 9:30-10:15\u015aroda 10:15-11:00Pi\u0105tek 8:45-9:30Pi\u0105tek 9:30-10:15Pi\u0105tek 10:15-11:00Rekrutacja wy\u0142\u0105cznie SMS-owa w dniach:23.02.2026 r. od godziny 12:00 (SMS-y wys\u0142ane przed podan\u0105 godzin\u0105 nie b\u0119d\u0105 rozpatrywane) pierwszy termin dla os\u00f3b, kt\u00f3re [&hellip;]<\/p>\n","protected":false},"author":4,"featured_media":0,"comment_status":"open","ping_status":"open","sticky":false,"template":"","format":"standard","meta":{"footnotes":""},"categories":[3],"tags":[],"_links":{"self":[{"href":"https:\/\/trener.awf.poznan.pl\/senioralny\/wp-json\/wp\/v2\/posts\/1334"}],"collection":[{"href":"https:\/\/trener.awf.poznan.pl\/senioralny\/wp-json\/wp\/v2\/posts"}],"about":[{"href":"https:\/\/trener.awf.poznan.pl\/senioralny\/wp-json\/wp\/v2\/types\/post"}],"author":[{"embeddable":true,"href":"https:\/\/trener.awf.poznan.pl\/senioralny\/wp-json\/wp\/v2\/users\/4"}],"replies":[{"embeddable":true,"href":"https:\/\/trener.awf.poznan.pl\/senioralny\/wp-json\/wp\/v2\/comments?post=1334"}],"version-history":[{"count":1,"href":"https:\/\/trener.awf.poznan.pl\/senioralny\/wp-json\/wp\/v2\/posts\/1334\/revisions"}],"predecessor-version":[{"id":1335,"href":"https:\/\/trener.awf.poznan.pl\/senioralny\/wp-json\/wp\/v2\/posts\/1334\/revisions\/1335"}],"wp:attachment":[{"href":"https:\/\/trener.awf.poznan.pl\/senioralny\/wp-json\/wp\/v2\/media?parent=1334"}],"wp:term":[{"taxonomy":"category","embeddable":true,"href":"https:\/\/trener.awf.poznan.pl\/senioralny\/wp-json\/wp\/v2\/categories?post=1334"},{"taxonomy":"post_tag","embeddable":true,"href":"https:\/\/trener.awf.poznan.pl\/senioralny\/wp-json\/wp\/v2\/tags?post=1334"}],"curies":[{"name":"wp","href":"https:\/\/api.w.org\/{rel}","templated":true}]}}