{"id":1337,"date":"2026-02-18T12:04:05","date_gmt":"2026-02-18T11:04:05","guid":{"rendered":"https:\/\/trener.awf.poznan.pl\/senioralny\/?p=1337"},"modified":"2026-02-18T12:04:06","modified_gmt":"2026-02-18T11:04:06","slug":"rekrutacja-na-zajecia-aquasenior-na-plywalni-miejskiej-rataje","status":"publish","type":"post","link":"https:\/\/trener.awf.poznan.pl\/senioralny\/rekrutacja-na-zajecia-aquasenior-na-plywalni-miejskiej-rataje\/","title":{"rendered":"Rekrutacja na zaj\u0119cia &#8211; Aquasenior na P\u0142ywalni Miejskiej Rataje."},"content":{"rendered":"\n<p>UWAGA! Rozpoczynamy rekrutacj\u0119 na semestr jesienny na zaj\u0119cia: Aquasenior na P\u0142ywalni Miejskiej Rataje (os. Piastowskie 55a). Przygotowali\u015bmy, dla Was a\u017c 215 wolnych miejsc!\u00a0<br \/>Plan zaj\u0119\u0107: Poniedzia\u0142ek, Basen sportowy<br \/>godzina :13:00 &#8211; 13:45 tor nr 7, 13:45 &#8211; 14:30 tor nr 7<br \/>Wtorek, Basen sportowy<br \/>godzina: 13:00 &#8211; 13:45 tor nr 7, 13:45 &#8211; 14:30 tor nr 7<br \/>\u015aroda, Basen rekreacyjny<br \/>godzina: 13:45 &#8211; 14:30 ca\u0142o\u015b\u0107, 14:30 &#8211; 15:15 ca\u0142o\u015b\u0107<br \/>Czwartek Basen rekreacyjny<br \/>godzina: 13:45 &#8211; 14:30 ca\u0142o\u015b\u0107, 14:30 &#8211; 15:15 ca\u0142o\u015b\u0107<br \/>Pi\u0105tek, Basen sportowy<br \/>godzina: 13:00 &#8211; 13:45 tor nr 7, 13:45 &#8211; 14:30 tor nr 7<br \/>Sobota, Basen sportowy<br \/>godzina: 16:45 tor nr 7<br \/>Niedziela, Basen sportowy<br \/>godzina: 11:30 &#8211; 12:15 tor nr 7, 13:00 &#8211; 13:45 tor nr 7<br \/>Zapisy WY\u0141\u0104CZNIE OSOBI\u015aCIE w kasie P\u0142ywalni:<br \/>24.02.2026 (wtorek) od godziny 10:00\u00a0pierwszy termin dla os\u00f3b, kt\u00f3re jeszcze nie bra\u0142y udzia\u0142u w \u0107wiczeniach jak r\u00f3wnie\u017c os\u00f3b b\u0119d\u0105cych dotychczas na li\u015bcie rezerwowej.<br \/>26.02.2026 (czwartek) od godziny 10:00 drugi termin dla dla os\u00f3b, kt\u00f3re bra\u0142y udzia\u0142 w poprzednim semestrze zaj\u0119\u0107 w ramach pozosta\u0142ych wolnych miejsc.<br \/>START ZAJ\u0118\u0106 02.03.2026 r.<br \/>Przypominamy, \u017ce nie przyjmujemy zapis\u00f3w \u201ehurtowych\u201d oraz \u017ce mo\u017cliwa jest trzykrotna absencja w zaj\u0119ciach, BEZ WZGL\u0118DU NA POW\u00d3D. Nast\u0119pna nieobecno\u015b\u0107 powoduje wykre\u015blenie z listy uczestnik\u00f3w i dokooptowanie osoby z listy rezerwowej. Ka\u017cdy uczestnik musi obowi\u0105zkowo wypisa\u0107 o\u015bwiadczenie oraz okaza\u0107 wa\u017cny dow\u00f3d to\u017csamo\u015bci celem weryfikacji sk\u0142adanego o\u015bwiadczenie. Projekt jest w pe\u0142ni finansowany ze \u015brodk\u00f3w Wydzia\u0142u Sportu Urz\u0119du <span class=\"xv78j7m\" spellcheck=\"false\">Miasta Poznania<\/span>\u00a0i przeznaczony jest wy\u0142\u0105cznie dla os\u00f3b kt\u00f3re uko\u0144czy\u0142y 60 rok \u017cycia i na sta\u0142e mieszkaj\u0105cych na terenie Poznania.\u00a0<br \/>#poznanwspiera\u00a0<\/p>\n","protected":false},"excerpt":{"rendered":"<p>UWAGA! Rozpoczynamy rekrutacj\u0119 na semestr jesienny na zaj\u0119cia: Aquasenior na P\u0142ywalni Miejskiej Rataje (os. Piastowskie 55a). Przygotowali\u015bmy, dla Was a\u017c 215 wolnych miejsc!\u00a0Plan zaj\u0119\u0107: Poniedzia\u0142ek, Basen sportowygodzina :13:00 &#8211; 13:45 tor nr 7, 13:45 &#8211; 14:30 tor nr 7Wtorek, Basen sportowygodzina: 13:00 &#8211; 13:45 tor nr 7, 13:45 &#8211; 14:30 tor nr 7\u015aroda, Basen rekreacyjnygodzina: [&hellip;]<\/p>\n","protected":false},"author":4,"featured_media":0,"comment_status":"open","ping_status":"open","sticky":false,"template":"","format":"standard","meta":{"footnotes":""},"categories":[3],"tags":[],"_links":{"self":[{"href":"https:\/\/trener.awf.poznan.pl\/senioralny\/wp-json\/wp\/v2\/posts\/1337"}],"collection":[{"href":"https:\/\/trener.awf.poznan.pl\/senioralny\/wp-json\/wp\/v2\/posts"}],"about":[{"href":"https:\/\/trener.awf.poznan.pl\/senioralny\/wp-json\/wp\/v2\/types\/post"}],"author":[{"embeddable":true,"href":"https:\/\/trener.awf.poznan.pl\/senioralny\/wp-json\/wp\/v2\/users\/4"}],"replies":[{"embeddable":true,"href":"https:\/\/trener.awf.poznan.pl\/senioralny\/wp-json\/wp\/v2\/comments?post=1337"}],"version-history":[{"count":1,"href":"https:\/\/trener.awf.poznan.pl\/senioralny\/wp-json\/wp\/v2\/posts\/1337\/revisions"}],"predecessor-version":[{"id":1338,"href":"https:\/\/trener.awf.poznan.pl\/senioralny\/wp-json\/wp\/v2\/posts\/1337\/revisions\/1338"}],"wp:attachment":[{"href":"https:\/\/trener.awf.poznan.pl\/senioralny\/wp-json\/wp\/v2\/media?parent=1337"}],"wp:term":[{"taxonomy":"category","embeddable":true,"href":"https:\/\/trener.awf.poznan.pl\/senioralny\/wp-json\/wp\/v2\/categories?post=1337"},{"taxonomy":"post_tag","embeddable":true,"href":"https:\/\/trener.awf.poznan.pl\/senioralny\/wp-json\/wp\/v2\/tags?post=1337"}],"curies":[{"name":"wp","href":"https:\/\/api.w.org\/{rel}","templated":true}]}}