{"id":1343,"date":"2026-02-25T15:53:08","date_gmt":"2026-02-25T14:53:08","guid":{"rendered":"https:\/\/trener.awf.poznan.pl\/senioralny\/?p=1343"},"modified":"2026-02-25T16:55:30","modified_gmt":"2026-02-25T15:55:30","slug":"brydz-sportowy-rozpoczynamy-rekrutacje","status":"publish","type":"post","link":"https:\/\/trener.awf.poznan.pl\/senioralny\/brydz-sportowy-rozpoczynamy-rekrutacje\/","title":{"rendered":"Bryd\u017c Sportowy, rozpoczynamy rekrutacj\u0119!"},"content":{"rendered":"\n<p>Darz Bryd\u017c! Rozpoczynamy rekrutacj\u0119 na semestr wiosenny na zaj\u0119cia gra w Bryd\u017ca w Klubie Seniora &#8222;U\u015bmiech&#8221; na ulicy Wojskowej 16.\u00a0<br \/>Przygotowali\u015bmy, dla Was a\u017c 40 wolnych miejsc! <br \/>Plan zaj\u0119\u0107:<br \/>Wtorek godzina 10:00 -11:00<br \/>Wtorek godzina 11:10-12:10<br \/>Rekrutacja poprzez kontakt na adres: vold41@wp.pl (podaj\u0105c r\u00f3wnie\u017c sw\u00f3j numer telefonu) lub telefon na numer 607 616 756 (rozmowa lub SMS) w dniach:<br \/>27.02.2026r. (PI\u0104TEK) od godziny 9:00 pierwszy termin dla os\u00f3b, kt\u00f3re jeszcze nie bra\u0142y udzia\u0142u w \u0107wiczeniach jak r\u00f3wnie\u017c os\u00f3b b\u0119d\u0105cych dotychczas na li\u015bcie rezerwowej.<br \/>28.02.2026 r. (SOBOTA)\u2013 od godziny 9:00 drugi termin dla dla os\u00f3b, kt\u00f3re bra\u0142y udzia\u0142 w poprzednim semestrze zaj\u0119\u0107 w ramach pozosta\u0142ych wolnych miejsc.<br \/>START ZAJ\u0118\u0106 03.03.2026r. <br \/>Przypominamy, \u017ce nie przyjmujemy zapis\u00f3w \u201ehurtowych\u201d oraz \u017ce mo\u017cliwa jest trzykrotna absencja w zaj\u0119ciach, BEZ WZGL\u0118DU NA POW\u00d3D. Nast\u0119pna nieobecno\u015b\u0107 powoduje wykre\u015blenie z listy uczestnik\u00f3w i dokooptowanie osoby z listy rezerwowej. Ka\u017cdy uczestnik musi obowi\u0105zkowo wypisa\u0107 o\u015bwiadczenie oraz okaza\u0107 wa\u017cny dow\u00f3d to\u017csamo\u015bci celem weryfikacji sk\u0142adanego o\u015bwiadczenie. Projekt jest w pe\u0142ni finansowany ze \u015brodk\u00f3w Wydzia\u0142u Sportu Urz\u0119du <span class=\"xv78j7m\" spellcheck=\"false\">Miasto Pozna\u0144<\/span> i przeznaczony jest wy\u0142\u0105cznie dla os\u00f3b na sta\u0142e mieszkaj\u0105cych na terenie Poznania.<\/p>\n","protected":false},"excerpt":{"rendered":"<p>Darz Bryd\u017c! Rozpoczynamy rekrutacj\u0119 na semestr wiosenny na zaj\u0119cia gra w Bryd\u017ca w Klubie Seniora &#8222;U\u015bmiech&#8221; na ulicy Wojskowej 16.\u00a0Przygotowali\u015bmy, dla Was a\u017c 40 wolnych miejsc! Plan zaj\u0119\u0107:Wtorek godzina 10:00 -11:00Wtorek godzina 11:10-12:10Rekrutacja poprzez kontakt na adres: vold41@wp.pl (podaj\u0105c r\u00f3wnie\u017c sw\u00f3j numer telefonu) lub telefon na numer 607 616 756 (rozmowa lub SMS) w dniach:27.02.2026r. [&hellip;]<\/p>\n","protected":false},"author":4,"featured_media":0,"comment_status":"open","ping_status":"open","sticky":false,"template":"","format":"standard","meta":{"footnotes":""},"categories":[3],"tags":[],"_links":{"self":[{"href":"https:\/\/trener.awf.poznan.pl\/senioralny\/wp-json\/wp\/v2\/posts\/1343"}],"collection":[{"href":"https:\/\/trener.awf.poznan.pl\/senioralny\/wp-json\/wp\/v2\/posts"}],"about":[{"href":"https:\/\/trener.awf.poznan.pl\/senioralny\/wp-json\/wp\/v2\/types\/post"}],"author":[{"embeddable":true,"href":"https:\/\/trener.awf.poznan.pl\/senioralny\/wp-json\/wp\/v2\/users\/4"}],"replies":[{"embeddable":true,"href":"https:\/\/trener.awf.poznan.pl\/senioralny\/wp-json\/wp\/v2\/comments?post=1343"}],"version-history":[{"count":2,"href":"https:\/\/trener.awf.poznan.pl\/senioralny\/wp-json\/wp\/v2\/posts\/1343\/revisions"}],"predecessor-version":[{"id":1345,"href":"https:\/\/trener.awf.poznan.pl\/senioralny\/wp-json\/wp\/v2\/posts\/1343\/revisions\/1345"}],"wp:attachment":[{"href":"https:\/\/trener.awf.poznan.pl\/senioralny\/wp-json\/wp\/v2\/media?parent=1343"}],"wp:term":[{"taxonomy":"category","embeddable":true,"href":"https:\/\/trener.awf.poznan.pl\/senioralny\/wp-json\/wp\/v2\/categories?post=1343"},{"taxonomy":"post_tag","embeddable":true,"href":"https:\/\/trener.awf.poznan.pl\/senioralny\/wp-json\/wp\/v2\/tags?post=1343"}],"curies":[{"name":"wp","href":"https:\/\/api.w.org\/{rel}","templated":true}]}}