{"id":658,"date":"2020-02-13T11:19:53","date_gmt":"2020-02-13T10:19:53","guid":{"rendered":"http:\/\/trener.awf.poznan.pl\/senioralny\/?p=658"},"modified":"2020-02-13T13:39:50","modified_gmt":"2020-02-13T12:39:50","slug":"trener-senioralny-2020","status":"publish","type":"post","link":"https:\/\/trener.awf.poznan.pl\/senioralny\/trener-senioralny-2020\/","title":{"rendered":"Trener Senioralny 2020!"},"content":{"rendered":"\n\n\n<p><span data-offset-key=\"vgdh-0-0\">Kochani Seniorzy! Na pocz\u0105tku tygodnia Wydzia\u0142 Sportu Urz\u0119du <\/span><span class=\"_247o\" spellcheck=\"false\" data-offset-key=\"vgdh-1-0\"><span data-offset-key=\"vgdh-1-0\">Miasto Pozna\u0144<\/span><\/span><span data-offset-key=\"vgdh-2-0\"> poinformowa\u0142 o nas o przyznaniu prowadzenia <\/span><span class=\"_247o\" spellcheck=\"false\" data-offset-key=\"vgdh-3-0\"><span data-offset-key=\"vgdh-3-0\">Trener Senioralny<\/span><\/span><span data-offset-key=\"vgdh-4-0\"> przez <\/span><span class=\"_247o\" spellcheck=\"false\" data-offset-key=\"vgdh-5-0\"><span data-offset-key=\"vgdh-5-0\">Fundacja na rzecz Akademii Wychowania Fizycznego w Poznaniu<\/span><\/span><span data-offset-key=\"vgdh-6-0\"> w 2020 roku. Nie pr\u00f3\u017cnujemy, od razu wzi\u0119li\u015bmy si\u0119 do pracy. <\/span><\/p>\n<p><span data-offset-key=\"vgdh-6-0\">Zapisy na zaj\u0119cia prowadzone TYLKO w CITYZEN- dla os\u00f3b, kt\u00f3re chc\u0105 zacz\u0105\u0107 \u0107wiczy\u0107 po raz pierwszy ju\u017c od poniedzia\u0142ku 17.02.2020 r. <\/span><span data-offset-key=\"vgdh-6-0\">Kontakt 61 835 51 24, 61 835 50 09, 61 835 50 38, basen@cityzenklub.pl, biuro@cityzenklub.pl. <\/span><\/p>\n<p><span data-offset-key=\"vgdh-6-0\">UWAGA! O szczeg\u00f3\u0142ach rekrutacji na inne zaj\u0119cia informowa\u0107 b\u0119dziemy w p\u00f3\u017aniejszym terminie.\u00a0<\/span><\/p>\n\n\n\n<figure class=\"wp-block-image size-large\"><img loading=\"lazy\" decoding=\"async\" width=\"960\" height=\"960\" src=\"http:\/\/trener.awf.poznan.pl\/senioralny\/wp-content\/uploads\/2020\/02\/86601668_3167734073239938_4082708006481952768_o.png\" alt=\"\" class=\"wp-image-659\" srcset=\"https:\/\/trener.awf.poznan.pl\/senioralny\/wp-content\/uploads\/2020\/02\/86601668_3167734073239938_4082708006481952768_o.png 960w, https:\/\/trener.awf.poznan.pl\/senioralny\/wp-content\/uploads\/2020\/02\/86601668_3167734073239938_4082708006481952768_o-300x300.png 300w, https:\/\/trener.awf.poznan.pl\/senioralny\/wp-content\/uploads\/2020\/02\/86601668_3167734073239938_4082708006481952768_o-150x150.png 150w, https:\/\/trener.awf.poznan.pl\/senioralny\/wp-content\/uploads\/2020\/02\/86601668_3167734073239938_4082708006481952768_o-768x768.png 768w\" sizes=\"(max-width: 960px) 100vw, 960px\" \/><\/figure>\n\n\n","protected":false},"excerpt":{"rendered":"<p>Kochani Seniorzy! Na pocz\u0105tku tygodnia Wydzia\u0142 Sportu Urz\u0119du Miasto Pozna\u0144 poinformowa\u0142 o nas o przyznaniu prowadzenia Trener Senioralny przez Fundacja na rzecz Akademii Wychowania Fizycznego w Poznaniu w 2020 roku. Nie pr\u00f3\u017cnujemy, od razu wzi\u0119li\u015bmy si\u0119 do pracy. Zapisy na zaj\u0119cia prowadzone TYLKO w CITYZEN- dla os\u00f3b, kt\u00f3re chc\u0105 zacz\u0105\u0107 \u0107wiczy\u0107 po raz pierwszy ju\u017c [&hellip;]<\/p>\n","protected":false},"author":4,"featured_media":0,"comment_status":"open","ping_status":"open","sticky":false,"template":"","format":"standard","meta":{"footnotes":""},"categories":[3,1],"tags":[],"_links":{"self":[{"href":"https:\/\/trener.awf.poznan.pl\/senioralny\/wp-json\/wp\/v2\/posts\/658"}],"collection":[{"href":"https:\/\/trener.awf.poznan.pl\/senioralny\/wp-json\/wp\/v2\/posts"}],"about":[{"href":"https:\/\/trener.awf.poznan.pl\/senioralny\/wp-json\/wp\/v2\/types\/post"}],"author":[{"embeddable":true,"href":"https:\/\/trener.awf.poznan.pl\/senioralny\/wp-json\/wp\/v2\/users\/4"}],"replies":[{"embeddable":true,"href":"https:\/\/trener.awf.poznan.pl\/senioralny\/wp-json\/wp\/v2\/comments?post=658"}],"version-history":[{"count":3,"href":"https:\/\/trener.awf.poznan.pl\/senioralny\/wp-json\/wp\/v2\/posts\/658\/revisions"}],"predecessor-version":[{"id":665,"href":"https:\/\/trener.awf.poznan.pl\/senioralny\/wp-json\/wp\/v2\/posts\/658\/revisions\/665"}],"wp:attachment":[{"href":"https:\/\/trener.awf.poznan.pl\/senioralny\/wp-json\/wp\/v2\/media?parent=658"}],"wp:term":[{"taxonomy":"category","embeddable":true,"href":"https:\/\/trener.awf.poznan.pl\/senioralny\/wp-json\/wp\/v2\/categories?post=658"},{"taxonomy":"post_tag","embeddable":true,"href":"https:\/\/trener.awf.poznan.pl\/senioralny\/wp-json\/wp\/v2\/tags?post=658"}],"curies":[{"name":"wp","href":"https:\/\/api.w.org\/{rel}","templated":true}]}}