{"id":709,"date":"2020-06-08T15:31:27","date_gmt":"2020-06-08T13:31:27","guid":{"rendered":"http:\/\/trener.awf.poznan.pl\/senioralny\/?p=709"},"modified":"2020-06-08T15:31:51","modified_gmt":"2020-06-08T13:31:51","slug":"trener-senioralny-na-zywo-wracamy","status":"publish","type":"post","link":"https:\/\/trener.awf.poznan.pl\/senioralny\/trener-senioralny-na-zywo-wracamy\/","title":{"rendered":"Trener Senioralny na \u017cywo- wracamy!"},"content":{"rendered":"\n<p>Mi\u0142o nam poinformowa\u0107, \u017ce w porozumieniu z Wydzia\u0142em Sportu Urz\u0119du Miasta Poznania, podj\u0119li\u015bmy decyzj\u0119 o wznowieniu zaj\u0119\u0107 w ramach programu, przy zachowaniu obostrze\u0144 GIS i Sanepidu.\u00a0Stara\u0107 si\u0119 b\u0119dziemy aby zaj\u0119cia startowa\u0142y stopniowo od 15 czerwca, w zale\u017cno\u015bci od ustale\u0144 z prowadz\u0105cymi. Pierwsze\u0144stwo udzia\u0142u w przypadku grup zamkni\u0119tych b\u0119d\u0105 mia\u0142y osoby, kt\u00f3re zapisane by\u0142y w rekrutacji luty\/marzec. Wszelkie informacje b\u0119d\u0105 posiada\u0107 instruktorzy prowadz\u0105cy dane zaj\u0119cia. Ale bardzo Pa\u0144stwa prosimy o wyrozumia\u0142o\u015b\u0107\u00a0 w kontakcie z nimi, szczeg\u00f3lnie po podaniu do publicznej wiadomo\u015bci tego komunikatu.\u00a0 W pierwszej kolejno\u015bci b\u0119dziemy ustala\u0107 mo\u017cliwo\u015b\u0107 wznowienia danych zaj\u0119\u0107 (m.in dostosowanie obiektu do wymog\u00f3w GIS), a nast\u0119pnie wszystkie kwestie zwi\u0105zane z logistyk\u0105 dzia\u0142a\u0144 (dlatego nowe grafiki zaj\u0119\u0107 pojawi\u0105 si\u0119 w\u00a0 po\u0142owie tego tygodnia). Wiemy ju\u017c, \u017ce na pewno obowi\u0105zkowe b\u0119dzie dezynfekowanie d\u0142oni przed wej\u015bciem na zaj\u0119cia a po zaj\u0119ciach dodatkowa dezynfekcja sprz\u0119tu- przybor\u00f3w czy przyrz\u0105d\u00f3w.\u00a0 Przy niekt\u00f3rych aktywno\u015bciach ze wzgl\u0119du prowadzenie ich w obiektach zamkni\u0119tych (p\u0142ywalnie, sale gimnastyczne, fitness) wprowadzony mo\u017ce zosta\u0107\u00a0 obni\u017cony limit \u0107wicz\u0105cych. Osoby o obni\u017conej odporno\u015bci czy w zaawansowanym wieku, czyli te najbardziej nara\u017cone na ci\u0119\u017cki przebieg zaka\u017cenia COVID 19, zach\u0119ca\u0107 b\u0119dziemy do kontynuowania \u0107wicze\u0144 w domach za pomoc transmisji on-line, kt\u00f3re oczywi\u015bcie w mniejszej liczbie ale planujemy na razie pozostawi\u0107. Wszystkie ostateczne ustalenia przekazywa\u0107 b\u0119dziemy Pa\u0144stwu za po\u015brednictwem, prowadz\u0105cych, strony internetowej oraz naszego profilu na www.Facebook.com\/TrenerSeniorlany\u00a0\u00a0<\/p>\n","protected":false},"excerpt":{"rendered":"<p>Mi\u0142o nam poinformowa\u0107, \u017ce w porozumieniu z Wydzia\u0142em Sportu Urz\u0119du Miasta Poznania, podj\u0119li\u015bmy decyzj\u0119 o wznowieniu zaj\u0119\u0107 w ramach programu, przy zachowaniu obostrze\u0144 GIS i Sanepidu.\u00a0Stara\u0107 si\u0119 b\u0119dziemy aby zaj\u0119cia startowa\u0142y stopniowo od 15 czerwca, w zale\u017cno\u015bci od ustale\u0144 z prowadz\u0105cymi. Pierwsze\u0144stwo udzia\u0142u w przypadku grup zamkni\u0119tych b\u0119d\u0105 mia\u0142y osoby, kt\u00f3re zapisane by\u0142y w rekrutacji [&hellip;]<\/p>\n","protected":false},"author":4,"featured_media":0,"comment_status":"open","ping_status":"open","sticky":false,"template":"","format":"standard","meta":{"footnotes":""},"categories":[3,1],"tags":[],"_links":{"self":[{"href":"https:\/\/trener.awf.poznan.pl\/senioralny\/wp-json\/wp\/v2\/posts\/709"}],"collection":[{"href":"https:\/\/trener.awf.poznan.pl\/senioralny\/wp-json\/wp\/v2\/posts"}],"about":[{"href":"https:\/\/trener.awf.poznan.pl\/senioralny\/wp-json\/wp\/v2\/types\/post"}],"author":[{"embeddable":true,"href":"https:\/\/trener.awf.poznan.pl\/senioralny\/wp-json\/wp\/v2\/users\/4"}],"replies":[{"embeddable":true,"href":"https:\/\/trener.awf.poznan.pl\/senioralny\/wp-json\/wp\/v2\/comments?post=709"}],"version-history":[{"count":1,"href":"https:\/\/trener.awf.poznan.pl\/senioralny\/wp-json\/wp\/v2\/posts\/709\/revisions"}],"predecessor-version":[{"id":710,"href":"https:\/\/trener.awf.poznan.pl\/senioralny\/wp-json\/wp\/v2\/posts\/709\/revisions\/710"}],"wp:attachment":[{"href":"https:\/\/trener.awf.poznan.pl\/senioralny\/wp-json\/wp\/v2\/media?parent=709"}],"wp:term":[{"taxonomy":"category","embeddable":true,"href":"https:\/\/trener.awf.poznan.pl\/senioralny\/wp-json\/wp\/v2\/categories?post=709"},{"taxonomy":"post_tag","embeddable":true,"href":"https:\/\/trener.awf.poznan.pl\/senioralny\/wp-json\/wp\/v2\/tags?post=709"}],"curies":[{"name":"wp","href":"https:\/\/api.w.org\/{rel}","templated":true}]}}