{"id":740,"date":"2020-07-07T11:03:44","date_gmt":"2020-07-07T09:03:44","guid":{"rendered":"http:\/\/trener.awf.poznan.pl\/senioralny\/?p=740"},"modified":"2020-08-07T11:05:22","modified_gmt":"2020-08-07T09:05:22","slug":"uwaga-zmiana-regulaminu-zajec","status":"publish","type":"post","link":"https:\/\/trener.awf.poznan.pl\/senioralny\/uwaga-zmiana-regulaminu-zajec\/","title":{"rendered":"Uwaga, zmiana regulaminu zaj\u0119\u0107."},"content":{"rendered":"\n<p>Szanowni Pa\u0144stwo;<\/p>\n<p>W zwi\u0105zku z zagro\u017ceniem epidemiologicznym zmieniono regulamin zaj\u0119\u0107 w ramach programu. Prosimy o dok\u0142adne zapoznanie si\u0119 z dokumentem, gdy\u017c jego akceptacja warunkuje udzia\u0142 w zaj\u0119ciach.\u00a0<a href=\"http:\/\/trener.awf.poznan.pl\/senioralny\/regulamin\/\"><strong>Regulamin uczestnictwa w programie Trener Seniorlany w roku 2020<\/strong><\/a><\/p>\n","protected":false},"excerpt":{"rendered":"<p>Szanowni Pa\u0144stwo; W zwi\u0105zku z zagro\u017ceniem epidemiologicznym zmieniono regulamin zaj\u0119\u0107 w ramach programu. Prosimy o dok\u0142adne zapoznanie si\u0119 z dokumentem, gdy\u017c jego akceptacja warunkuje udzia\u0142 w zaj\u0119ciach.\u00a0Regulamin uczestnictwa w programie Trener Seniorlany w roku 2020<\/p>\n","protected":false},"author":4,"featured_media":0,"comment_status":"open","ping_status":"open","sticky":false,"template":"","format":"standard","meta":{"footnotes":""},"categories":[3],"tags":[],"_links":{"self":[{"href":"https:\/\/trener.awf.poznan.pl\/senioralny\/wp-json\/wp\/v2\/posts\/740"}],"collection":[{"href":"https:\/\/trener.awf.poznan.pl\/senioralny\/wp-json\/wp\/v2\/posts"}],"about":[{"href":"https:\/\/trener.awf.poznan.pl\/senioralny\/wp-json\/wp\/v2\/types\/post"}],"author":[{"embeddable":true,"href":"https:\/\/trener.awf.poznan.pl\/senioralny\/wp-json\/wp\/v2\/users\/4"}],"replies":[{"embeddable":true,"href":"https:\/\/trener.awf.poznan.pl\/senioralny\/wp-json\/wp\/v2\/comments?post=740"}],"version-history":[{"count":1,"href":"https:\/\/trener.awf.poznan.pl\/senioralny\/wp-json\/wp\/v2\/posts\/740\/revisions"}],"predecessor-version":[{"id":741,"href":"https:\/\/trener.awf.poznan.pl\/senioralny\/wp-json\/wp\/v2\/posts\/740\/revisions\/741"}],"wp:attachment":[{"href":"https:\/\/trener.awf.poznan.pl\/senioralny\/wp-json\/wp\/v2\/media?parent=740"}],"wp:term":[{"taxonomy":"category","embeddable":true,"href":"https:\/\/trener.awf.poznan.pl\/senioralny\/wp-json\/wp\/v2\/categories?post=740"},{"taxonomy":"post_tag","embeddable":true,"href":"https:\/\/trener.awf.poznan.pl\/senioralny\/wp-json\/wp\/v2\/tags?post=740"}],"curies":[{"name":"wp","href":"https:\/\/api.w.org\/{rel}","templated":true}]}}