{"id":940,"date":"2022-02-10T16:46:17","date_gmt":"2022-02-10T15:46:17","guid":{"rendered":"http:\/\/trener.awf.poznan.pl\/senioralny\/?p=940"},"modified":"2022-02-10T16:46:18","modified_gmt":"2022-02-10T15:46:18","slug":"zapisy-na-aqua-senior-basen-atlantis","status":"publish","type":"post","link":"https:\/\/trener.awf.poznan.pl\/senioralny\/zapisy-na-aqua-senior-basen-atlantis\/","title":{"rendered":"Zapisy na Aqua Senior- basen Atlantis"},"content":{"rendered":"\n<p>Informujemy, i\u017c zapisy na zaj\u0119cia Aqua Senior na basenie Atlantis rozpoczn\u0105 si\u0119 od 21.02.2022r. <strong>dla os\u00f3b, kt\u00f3re nie bra\u0142y udzia\u0142u w poprzedniej edycji a <\/strong>od 23.02 dla pozosta\u0142ych. Zapisy tylko osobi\u015bcie w kasie basenu (dla przypomnienia \u2013 ka\u017cdy zapisuje si\u0119 sam, nie ma mo\u017cliwo\u015bci wpisywania kole\u017canek itp., wyj\u0105tek \u2013 zapis m\u0119\u017ca\/\u017cony\/rodzica.)<\/p>\n<p>Zaj\u0119cia rozpoczynaj\u0105 si\u0119 od 28.02.2022 r. w\/g nast\u0119puj\u0105cego harmonogramu:\u00a0<\/p>\n<p>Poniedzia\u0142ki:\u00a0 10.00 &#8211; 10.45 oraz 10.45 &#8211; 11.30<\/p>\n<p>\u015arody: 9.15 -10.00, 10.00 -10.45 oraz 10.45 -11.30<\/p>\n<p>\u00a0<\/p>\n<p>\u00a0<\/p>\n","protected":false},"excerpt":{"rendered":"<p>Informujemy, i\u017c zapisy na zaj\u0119cia Aqua Senior na basenie Atlantis rozpoczn\u0105 si\u0119 od 21.02.2022r. dla os\u00f3b, kt\u00f3re nie bra\u0142y udzia\u0142u w poprzedniej edycji a od 23.02 dla pozosta\u0142ych. Zapisy tylko osobi\u015bcie w kasie basenu (dla przypomnienia \u2013 ka\u017cdy zapisuje si\u0119 sam, nie ma mo\u017cliwo\u015bci wpisywania kole\u017canek itp., wyj\u0105tek \u2013 zapis m\u0119\u017ca\/\u017cony\/rodzica.) Zaj\u0119cia rozpoczynaj\u0105 si\u0119 od [&hellip;]<\/p>\n","protected":false},"author":4,"featured_media":0,"comment_status":"open","ping_status":"open","sticky":false,"template":"","format":"standard","meta":{"footnotes":""},"categories":[3],"tags":[],"_links":{"self":[{"href":"https:\/\/trener.awf.poznan.pl\/senioralny\/wp-json\/wp\/v2\/posts\/940"}],"collection":[{"href":"https:\/\/trener.awf.poznan.pl\/senioralny\/wp-json\/wp\/v2\/posts"}],"about":[{"href":"https:\/\/trener.awf.poznan.pl\/senioralny\/wp-json\/wp\/v2\/types\/post"}],"author":[{"embeddable":true,"href":"https:\/\/trener.awf.poznan.pl\/senioralny\/wp-json\/wp\/v2\/users\/4"}],"replies":[{"embeddable":true,"href":"https:\/\/trener.awf.poznan.pl\/senioralny\/wp-json\/wp\/v2\/comments?post=940"}],"version-history":[{"count":1,"href":"https:\/\/trener.awf.poznan.pl\/senioralny\/wp-json\/wp\/v2\/posts\/940\/revisions"}],"predecessor-version":[{"id":941,"href":"https:\/\/trener.awf.poznan.pl\/senioralny\/wp-json\/wp\/v2\/posts\/940\/revisions\/941"}],"wp:attachment":[{"href":"https:\/\/trener.awf.poznan.pl\/senioralny\/wp-json\/wp\/v2\/media?parent=940"}],"wp:term":[{"taxonomy":"category","embeddable":true,"href":"https:\/\/trener.awf.poznan.pl\/senioralny\/wp-json\/wp\/v2\/categories?post=940"},{"taxonomy":"post_tag","embeddable":true,"href":"https:\/\/trener.awf.poznan.pl\/senioralny\/wp-json\/wp\/v2\/tags?post=940"}],"curies":[{"name":"wp","href":"https:\/\/api.w.org\/{rel}","templated":true}]}}