{"id":944,"date":"2022-02-13T15:48:00","date_gmt":"2022-02-13T14:48:00","guid":{"rendered":"http:\/\/trener.awf.poznan.pl\/senioralny\/?p=944"},"modified":"2022-02-14T15:54:53","modified_gmt":"2022-02-14T14:54:53","slug":"zapisy-na-aqua-senior-basen-uam-morasko","status":"publish","type":"post","link":"https:\/\/trener.awf.poznan.pl\/senioralny\/zapisy-na-aqua-senior-basen-uam-morasko\/","title":{"rendered":"Zapisy na Aqua Senior- basen UAM Morasko"},"content":{"rendered":"\n<p>Informujemy, i\u017c zapisy na zaj\u0119cia Aqua Senior na basenie UAM Morasko rozpoczn\u0105 si\u0119 od 14.02.2022r. <strong>dla os\u00f3b, kt\u00f3re nie bra\u0142y udzia\u0142u w poprzedniej edycji a\u00a0<\/strong>od 18.02 dla pozosta\u0142ych. Zapisy s\u0105 przyjmowane tylko w formie telefonicznej pod numerem: 606 813 909. Ka\u017cdy zapisuje si\u0119 sam, nie ma mo\u017cliwo\u015bci wpisywania kole\u017canek itp., wyj\u0105tek \u2013 zapis m\u0119\u017ca\/\u017cony\/rodzica.\u00a0<\/p>\n<p>\u00a0<\/p>\n","protected":false},"excerpt":{"rendered":"<p>Informujemy, i\u017c zapisy na zaj\u0119cia Aqua Senior na basenie UAM Morasko rozpoczn\u0105 si\u0119 od 14.02.2022r. dla os\u00f3b, kt\u00f3re nie bra\u0142y udzia\u0142u w poprzedniej edycji a\u00a0od 18.02 dla pozosta\u0142ych. Zapisy s\u0105 przyjmowane tylko w formie telefonicznej pod numerem: 606 813 909. Ka\u017cdy zapisuje si\u0119 sam, nie ma mo\u017cliwo\u015bci wpisywania kole\u017canek itp., wyj\u0105tek \u2013 zapis m\u0119\u017ca\/\u017cony\/rodzica.\u00a0 \u00a0<\/p>\n","protected":false},"author":4,"featured_media":0,"comment_status":"open","ping_status":"open","sticky":false,"template":"","format":"standard","meta":{"footnotes":""},"categories":[3],"tags":[],"_links":{"self":[{"href":"https:\/\/trener.awf.poznan.pl\/senioralny\/wp-json\/wp\/v2\/posts\/944"}],"collection":[{"href":"https:\/\/trener.awf.poznan.pl\/senioralny\/wp-json\/wp\/v2\/posts"}],"about":[{"href":"https:\/\/trener.awf.poznan.pl\/senioralny\/wp-json\/wp\/v2\/types\/post"}],"author":[{"embeddable":true,"href":"https:\/\/trener.awf.poznan.pl\/senioralny\/wp-json\/wp\/v2\/users\/4"}],"replies":[{"embeddable":true,"href":"https:\/\/trener.awf.poznan.pl\/senioralny\/wp-json\/wp\/v2\/comments?post=944"}],"version-history":[{"count":1,"href":"https:\/\/trener.awf.poznan.pl\/senioralny\/wp-json\/wp\/v2\/posts\/944\/revisions"}],"predecessor-version":[{"id":945,"href":"https:\/\/trener.awf.poznan.pl\/senioralny\/wp-json\/wp\/v2\/posts\/944\/revisions\/945"}],"wp:attachment":[{"href":"https:\/\/trener.awf.poznan.pl\/senioralny\/wp-json\/wp\/v2\/media?parent=944"}],"wp:term":[{"taxonomy":"category","embeddable":true,"href":"https:\/\/trener.awf.poznan.pl\/senioralny\/wp-json\/wp\/v2\/categories?post=944"},{"taxonomy":"post_tag","embeddable":true,"href":"https:\/\/trener.awf.poznan.pl\/senioralny\/wp-json\/wp\/v2\/tags?post=944"}],"curies":[{"name":"wp","href":"https:\/\/api.w.org\/{rel}","templated":true}]}}