{"id":969,"date":"2022-10-10T12:56:00","date_gmt":"2022-10-10T10:56:00","guid":{"rendered":"https:\/\/trener.awf.poznan.pl\/senioralny\/?p=969"},"modified":"2022-10-11T12:57:29","modified_gmt":"2022-10-11T10:57:29","slug":"pomagamy-glosujemy-utrzymujemy-zajecia-trenera","status":"publish","type":"post","link":"https:\/\/trener.awf.poznan.pl\/senioralny\/pomagamy-glosujemy-utrzymujemy-zajecia-trenera\/","title":{"rendered":"Pomagamy- g\u0142osujemy- utrzymujemy zaj\u0119cia Trenera!"},"content":{"rendered":"\n<p>POM\u00d3ZCIE NAM! Pom\u00f3\u017ccie nam zorganizowa\u0107 bezp\u0142atne zaj\u0119cia oraz obozy Trenera w 2023 roku!<br \/>Bardzo prosimy aby\u015bcie oddali sw\u00f3j g\u0142os w Pozna\u0144skim Bud\u017cecie Obywatelskim na projekt nr 7 w kategorii projekt\u00f3w og\u00f3lnomiejskich. W ramach Zielonego Bud\u017cetu zach\u0119camy do oddania g\u0142osu na projekt nr ZB.7 \u2013 Zielone Fyrtle . Zach\u0119camy r\u00f3wnie\u017c do oddania W TYM ROKU A\u017b 5 G\u0141OS\u00d3W na projekty rejonowe Nasz Sportowy Fyrtel \u2013<br \/>-Winogrady \u2013 I.5<br \/>-Staro\u0142\u0119ka G\u0142uszyna Szczepankowo- IV.6<br \/>-Grunwald- V.2<br \/>-So\u0142acz Ogrody- VI.6<br \/>-Rataje Chartowo, \u017begrze- VIII.4<br \/>-Wilda- D\u0119biec, \u015awierczewo- X.3<br \/>-Junikowo. \u0141awica, Kwiatowe, Fabianowo XI.1<br \/>\u2013 Antoninek, \u015ar\u00f3dka, Warszawskie, G\u0142\u00f3wna, Kobylepole XII.10<br \/>Jak zag\u0142osowa\u0107? Wystarczy wej\u015b\u0107 na stron\u0119:\u00a0<a href=\"https:\/\/pbo23.um.poznan.pl\/i\/pbo23\/voting\">https:\/\/pbo23.um.poznan.pl\/i\/pbo23\/voting<\/a><br \/>Zaznaczy\u0107 projekt nr 7, dodatkowo Zielony Bud\u017cet ZB.7 oraz 5 projekt\u00f3w Nasz Sportowy Fyrtel. Nast\u0119pnie wpisujemy swoje dane z koniecznie pozna\u0144skim adresem zamieszkania (NIE trzeba by\u0107 zameldowanym!) klikn\u0105\u0107 \u201eOddaj sw\u00f3j g\u0142os\u201d a nast\u0119pnie wpisa\u0107 kod weryfikacyjny, kt\u00f3ry zostanie przes\u0142any do Was SMS-em. Po wpisaniu klikamy &gt;&gt; Potwierd\u017a otrzymany kod&lt;&lt; i GOTOWE! Dzi\u0119kujemy za wsparcie!<\/p>\n","protected":false},"excerpt":{"rendered":"<p>POM\u00d3ZCIE NAM! Pom\u00f3\u017ccie nam zorganizowa\u0107 bezp\u0142atne zaj\u0119cia oraz obozy Trenera w 2023 roku!Bardzo prosimy aby\u015bcie oddali sw\u00f3j g\u0142os w Pozna\u0144skim Bud\u017cecie Obywatelskim na projekt nr 7 w kategorii projekt\u00f3w og\u00f3lnomiejskich. W ramach Zielonego Bud\u017cetu zach\u0119camy do oddania g\u0142osu na projekt nr ZB.7 \u2013 Zielone Fyrtle . Zach\u0119camy r\u00f3wnie\u017c do oddania W TYM ROKU A\u017b 5 [&hellip;]<\/p>\n","protected":false},"author":4,"featured_media":0,"comment_status":"open","ping_status":"open","sticky":false,"template":"","format":"standard","meta":{"footnotes":""},"categories":[3],"tags":[],"_links":{"self":[{"href":"https:\/\/trener.awf.poznan.pl\/senioralny\/wp-json\/wp\/v2\/posts\/969"}],"collection":[{"href":"https:\/\/trener.awf.poznan.pl\/senioralny\/wp-json\/wp\/v2\/posts"}],"about":[{"href":"https:\/\/trener.awf.poznan.pl\/senioralny\/wp-json\/wp\/v2\/types\/post"}],"author":[{"embeddable":true,"href":"https:\/\/trener.awf.poznan.pl\/senioralny\/wp-json\/wp\/v2\/users\/4"}],"replies":[{"embeddable":true,"href":"https:\/\/trener.awf.poznan.pl\/senioralny\/wp-json\/wp\/v2\/comments?post=969"}],"version-history":[{"count":1,"href":"https:\/\/trener.awf.poznan.pl\/senioralny\/wp-json\/wp\/v2\/posts\/969\/revisions"}],"predecessor-version":[{"id":970,"href":"https:\/\/trener.awf.poznan.pl\/senioralny\/wp-json\/wp\/v2\/posts\/969\/revisions\/970"}],"wp:attachment":[{"href":"https:\/\/trener.awf.poznan.pl\/senioralny\/wp-json\/wp\/v2\/media?parent=969"}],"wp:term":[{"taxonomy":"category","embeddable":true,"href":"https:\/\/trener.awf.poznan.pl\/senioralny\/wp-json\/wp\/v2\/categories?post=969"},{"taxonomy":"post_tag","embeddable":true,"href":"https:\/\/trener.awf.poznan.pl\/senioralny\/wp-json\/wp\/v2\/tags?post=969"}],"curies":[{"name":"wp","href":"https:\/\/api.w.org\/{rel}","templated":true}]}}