{"id":972,"date":"2022-11-03T22:41:13","date_gmt":"2022-11-03T21:41:13","guid":{"rendered":"https:\/\/trener.awf.poznan.pl\/senioralny\/?p=972"},"modified":"2022-11-03T22:41:36","modified_gmt":"2022-11-03T21:41:36","slug":"zajecia-z-brydza-sportowego-w-dniu-8-11-2022r-odwolane","status":"publish","type":"post","link":"https:\/\/trener.awf.poznan.pl\/senioralny\/zajecia-z-brydza-sportowego-w-dniu-8-11-2022r-odwolane\/","title":{"rendered":"Zaj\u0119cia z bryd\u017ca sportowego w dniu 8.11.2022r. &#8211; odwo\u0142ane."},"content":{"rendered":"\n<p>Zaj\u0119cia z Bryd\u017ca Sportowego zaplanowane na najbli\u017cszy wtorek 08.11.2022r. (10:00 &#8211; 11:00 i 11:20 &#8211; 12:20) w KS U\u015bmiech, Wojskowa 16, Pozna\u0144, z przyczyn niezale\u017cnych od organizatora zostaj\u0105 odwo\u0142ane. Za utrudnienia serdecznie przepraszamy.\u00a0<\/p>\n\n\n","protected":false},"excerpt":{"rendered":"<p>Zaj\u0119cia z Bryd\u017ca Sportowego zaplanowane na najbli\u017cszy wtorek 08.11.2022r. (10:00 &#8211; 11:00 i 11:20 &#8211; 12:20) w KS U\u015bmiech, Wojskowa 16, Pozna\u0144, z przyczyn niezale\u017cnych od organizatora zostaj\u0105 odwo\u0142ane. Za utrudnienia serdecznie przepraszamy.\u00a0<\/p>\n","protected":false},"author":4,"featured_media":0,"comment_status":"open","ping_status":"open","sticky":false,"template":"","format":"standard","meta":{"footnotes":""},"categories":[3],"tags":[],"_links":{"self":[{"href":"https:\/\/trener.awf.poznan.pl\/senioralny\/wp-json\/wp\/v2\/posts\/972"}],"collection":[{"href":"https:\/\/trener.awf.poznan.pl\/senioralny\/wp-json\/wp\/v2\/posts"}],"about":[{"href":"https:\/\/trener.awf.poznan.pl\/senioralny\/wp-json\/wp\/v2\/types\/post"}],"author":[{"embeddable":true,"href":"https:\/\/trener.awf.poznan.pl\/senioralny\/wp-json\/wp\/v2\/users\/4"}],"replies":[{"embeddable":true,"href":"https:\/\/trener.awf.poznan.pl\/senioralny\/wp-json\/wp\/v2\/comments?post=972"}],"version-history":[{"count":2,"href":"https:\/\/trener.awf.poznan.pl\/senioralny\/wp-json\/wp\/v2\/posts\/972\/revisions"}],"predecessor-version":[{"id":974,"href":"https:\/\/trener.awf.poznan.pl\/senioralny\/wp-json\/wp\/v2\/posts\/972\/revisions\/974"}],"wp:attachment":[{"href":"https:\/\/trener.awf.poznan.pl\/senioralny\/wp-json\/wp\/v2\/media?parent=972"}],"wp:term":[{"taxonomy":"category","embeddable":true,"href":"https:\/\/trener.awf.poznan.pl\/senioralny\/wp-json\/wp\/v2\/categories?post=972"},{"taxonomy":"post_tag","embeddable":true,"href":"https:\/\/trener.awf.poznan.pl\/senioralny\/wp-json\/wp\/v2\/tags?post=972"}],"curies":[{"name":"wp","href":"https:\/\/api.w.org\/{rel}","templated":true}]}}