{"id":978,"date":"2022-12-06T13:23:36","date_gmt":"2022-12-06T12:23:36","guid":{"rendered":"https:\/\/trener.awf.poznan.pl\/senioralny\/?p=978"},"modified":"2022-12-06T13:49:59","modified_gmt":"2022-12-06T12:49:59","slug":"zakonczenie-zajec-w-2023-roku","status":"publish","type":"post","link":"https:\/\/trener.awf.poznan.pl\/senioralny\/zakonczenie-zajec-w-2023-roku\/","title":{"rendered":"Zako\u0144czenie zaj\u0119\u0107 w 2022 roku."},"content":{"rendered":"\n<p>Kochani Seniorzy! Jeszcze trwaj\u0105 ostatnie spotkania miko\u0142ajkowe ale z pocz\u0105tkiem grudnia zako\u0144czyli\u015bmy tegoroczn\u0105 edycj\u0119 zaj\u0119\u0107 z Trenerem Senioralnym. Wielu za Was pyta\u0142o dlaczego tak wcze\u015bnie? Ten rok, pierwszy wolny od obostrze\u0144 pandemicznych, z rekordow\u0105 ilo\u015bci\u0105 grup postawi\u0142 przed nami now\u0105 przeszkod\u0119- inflacj\u0119. Ceny wynajmu obiekt\u00f3w poszybowa\u0142y niekiedy o kilkaset procent w g\u00f3r\u0119. Ju\u017c w po\u0142owie roku wiedzieli\u015bmy, \u017ce \u015brodk\u00f3w b\u0119dzie za ma\u0142o (bud\u017cet programu od 2019 roku nie uleg\u0142 zmianie) Mieli\u015bmy do wyboru dwa wyj\u015bcia- likwidowa\u0107 niekt\u00f3re grupy w trakcie roku lub skr\u00f3ci\u0107 ca\u0142o\u015b\u0107 dzia\u0142a\u0144 o oko\u0142o dwa tygodnie. Nie chc\u0105c aby ktokolwiek z Was by\u0142 poszkodowany zupe\u0142nym wykluczeniem z \u0107wicze\u0144 zdecydowali\u015bmy si\u0119, zaj\u0119cia skr\u00f3ci\u0107. Mamy gor\u0105ca nadziej\u0119, \u017ce zaj\u0119cia w przysz\u0142ym roku wr\u00f3c\u0105 planowo o czym b\u0119dziemy Was informowa\u0107 za po\u015brednictwem naszych kana\u0142\u00f3w informacyjnych. B\u0105d\u017acie zdrowi a korzystaj\u0105c z okazji sk\u0142adamy Wam najlepsze \u017cyczenia \u015bwi\u0105teczno- noworoczne.<\/p>\n","protected":false},"excerpt":{"rendered":"<p>Kochani Seniorzy! Jeszcze trwaj\u0105 ostatnie spotkania miko\u0142ajkowe ale z pocz\u0105tkiem grudnia zako\u0144czyli\u015bmy tegoroczn\u0105 edycj\u0119 zaj\u0119\u0107 z Trenerem Senioralnym. Wielu za Was pyta\u0142o dlaczego tak wcze\u015bnie? Ten rok, pierwszy wolny od obostrze\u0144 pandemicznych, z rekordow\u0105 ilo\u015bci\u0105 grup postawi\u0142 przed nami now\u0105 przeszkod\u0119- inflacj\u0119. Ceny wynajmu obiekt\u00f3w poszybowa\u0142y niekiedy o kilkaset procent w g\u00f3r\u0119. Ju\u017c w po\u0142owie [&hellip;]<\/p>\n","protected":false},"author":4,"featured_media":0,"comment_status":"open","ping_status":"open","sticky":false,"template":"","format":"standard","meta":{"footnotes":""},"categories":[3],"tags":[],"_links":{"self":[{"href":"https:\/\/trener.awf.poznan.pl\/senioralny\/wp-json\/wp\/v2\/posts\/978"}],"collection":[{"href":"https:\/\/trener.awf.poznan.pl\/senioralny\/wp-json\/wp\/v2\/posts"}],"about":[{"href":"https:\/\/trener.awf.poznan.pl\/senioralny\/wp-json\/wp\/v2\/types\/post"}],"author":[{"embeddable":true,"href":"https:\/\/trener.awf.poznan.pl\/senioralny\/wp-json\/wp\/v2\/users\/4"}],"replies":[{"embeddable":true,"href":"https:\/\/trener.awf.poznan.pl\/senioralny\/wp-json\/wp\/v2\/comments?post=978"}],"version-history":[{"count":2,"href":"https:\/\/trener.awf.poznan.pl\/senioralny\/wp-json\/wp\/v2\/posts\/978\/revisions"}],"predecessor-version":[{"id":981,"href":"https:\/\/trener.awf.poznan.pl\/senioralny\/wp-json\/wp\/v2\/posts\/978\/revisions\/981"}],"wp:attachment":[{"href":"https:\/\/trener.awf.poznan.pl\/senioralny\/wp-json\/wp\/v2\/media?parent=978"}],"wp:term":[{"taxonomy":"category","embeddable":true,"href":"https:\/\/trener.awf.poznan.pl\/senioralny\/wp-json\/wp\/v2\/categories?post=978"},{"taxonomy":"post_tag","embeddable":true,"href":"https:\/\/trener.awf.poznan.pl\/senioralny\/wp-json\/wp\/v2\/tags?post=978"}],"curies":[{"name":"wp","href":"https:\/\/api.w.org\/{rel}","templated":true}]}}