{"id":987,"date":"2023-02-07T11:32:13","date_gmt":"2023-02-07T10:32:13","guid":{"rendered":"https:\/\/trener.awf.poznan.pl\/senioralny\/?p=987"},"modified":"2023-02-07T13:32:17","modified_gmt":"2023-02-07T12:32:17","slug":"fundacja-na-rzecz-realizatorem-programu-w-2023-roku","status":"publish","type":"post","link":"https:\/\/trener.awf.poznan.pl\/senioralny\/fundacja-na-rzecz-realizatorem-programu-w-2023-roku\/","title":{"rendered":"Fundacja na rzecz realizatorem programu w 2023 roku."},"content":{"rendered":"\n<p>Jest nam niezmiernie mi\u0142o poinformowa\u0107, \u017ce decyzj\u0105 Zast\u0119pcy Prezydenta Miasta Poznania Fundacja na rzecz Akademii Wychowania Fizycznego im. E. Piaseckiego zosta\u0142a operatorem programu Trener Osiedlowy, Trener Senioralny, Trener Przedszkolaka na rok 2023.<\/p>\n<p>Zaj\u0119cia planujemy uruchomi\u0107 tak szybko jak si\u0119 da! Cz\u0119\u015b\u0107 ruszy jeszcze lutym tego roku.\u00a0<br \/>Prosimy nie wysy\u0142ajcie nam setek pyta\u0144 &#8222;a kiedy b\u0119dzie&#8221; &#8222;a czy b\u0119dzie&#8221;, gdy\u017c czas po\u015bwi\u0119cony na odpowied\u017a na nie musimy odejmowa\u0107 od tego po\u015bwi\u0119conego na przygotowanie oferty zaj\u0119\u0107. Obiecujemy, \u017ce o ile zapewniona b\u0119dzie minimalna frekwencja 10 os\u00f3b na ka\u017cdych zaj\u0119ciach oraz co najwa\u017cniejsze w dobie ci\u0105g\u0142ych podwy\u017cek- \u015brodki finansowe w programie b\u0119d\u0105 wystarczaj\u0105ce &#8211; zaj\u0119cia b\u0119dziemy na pewno realizowa\u0107 !<\/p>\n<p>Pozdrawiamy<\/p>\n<p>Zesp\u00f3\u0142 zarz\u0105dzaj\u0105cy projektem.\u00a0<\/p>\n","protected":false},"excerpt":{"rendered":"<p>Jest nam niezmiernie mi\u0142o poinformowa\u0107, \u017ce decyzj\u0105 Zast\u0119pcy Prezydenta Miasta Poznania Fundacja na rzecz Akademii Wychowania Fizycznego im. E. Piaseckiego zosta\u0142a operatorem programu Trener Osiedlowy, Trener Senioralny, Trener Przedszkolaka na rok 2023. Zaj\u0119cia planujemy uruchomi\u0107 tak szybko jak si\u0119 da! Cz\u0119\u015b\u0107 ruszy jeszcze lutym tego roku.\u00a0Prosimy nie wysy\u0142ajcie nam setek pyta\u0144 &#8222;a kiedy b\u0119dzie&#8221; &#8222;a [&hellip;]<\/p>\n","protected":false},"author":4,"featured_media":0,"comment_status":"open","ping_status":"open","sticky":false,"template":"","format":"standard","meta":{"footnotes":""},"categories":[3],"tags":[],"_links":{"self":[{"href":"https:\/\/trener.awf.poznan.pl\/senioralny\/wp-json\/wp\/v2\/posts\/987"}],"collection":[{"href":"https:\/\/trener.awf.poznan.pl\/senioralny\/wp-json\/wp\/v2\/posts"}],"about":[{"href":"https:\/\/trener.awf.poznan.pl\/senioralny\/wp-json\/wp\/v2\/types\/post"}],"author":[{"embeddable":true,"href":"https:\/\/trener.awf.poznan.pl\/senioralny\/wp-json\/wp\/v2\/users\/4"}],"replies":[{"embeddable":true,"href":"https:\/\/trener.awf.poznan.pl\/senioralny\/wp-json\/wp\/v2\/comments?post=987"}],"version-history":[{"count":2,"href":"https:\/\/trener.awf.poznan.pl\/senioralny\/wp-json\/wp\/v2\/posts\/987\/revisions"}],"predecessor-version":[{"id":989,"href":"https:\/\/trener.awf.poznan.pl\/senioralny\/wp-json\/wp\/v2\/posts\/987\/revisions\/989"}],"wp:attachment":[{"href":"https:\/\/trener.awf.poznan.pl\/senioralny\/wp-json\/wp\/v2\/media?parent=987"}],"wp:term":[{"taxonomy":"category","embeddable":true,"href":"https:\/\/trener.awf.poznan.pl\/senioralny\/wp-json\/wp\/v2\/categories?post=987"},{"taxonomy":"post_tag","embeddable":true,"href":"https:\/\/trener.awf.poznan.pl\/senioralny\/wp-json\/wp\/v2\/tags?post=987"}],"curies":[{"name":"wp","href":"https:\/\/api.w.org\/{rel}","templated":true}]}}